{"id":9087,"date":"2017-03-28T10:03:57","date_gmt":"2017-03-28T13:03:57","guid":{"rendered":"http:\/\/actualidadadiario.com\/site\/?p=9087"},"modified":"2017-03-28T10:07:39","modified_gmt":"2017-03-28T13:07:39","slug":"equiparan-a-100-escuelas-con-mobiliario","status":"publish","type":"post","link":"https:\/\/www.actualidadadiario.com\/index.php\/2017\/03\/28\/equiparan-a-100-escuelas-con-mobiliario\/","title":{"rendered":"Equipar\u00e1n a 100 escuelas con mobiliario"},"content":{"rendered":"<p><em><strong>Se realiz\u00f3 la apertura de sobres correspondiente a la licitaci\u00f3n p\u00fablica N\u00ba 01\/2016 para la adquisici\u00f3n de mobiliario escolar que beneficiar\u00e1 a m\u00e1s de 100 escuelas de la provincia. Es en el marco del segundo Proyecto de Mejoramiento de la Educaci\u00f3n Rural (Promer II) que lleva adelante el gobierno a trav\u00e9s de la Unidad Ejecutora Provincial (UEP)<\/strong><\/em><\/p>\n<p>&nbsp;<\/p>\n<p>&nbsp;<\/p>\n<p>&nbsp;<\/p>\n<p>Este lunes se conocieron las ofertas para la adquisici\u00f3n de mobiliario escolar que beneficiar\u00e1 a m\u00e1s de 100 establecimientos educativos. El acto de apertura de sobres se llev\u00f3 a cabo en las oficinas de la UEP y cont\u00f3 con la presencia del coordinador ejecutivo de la UEP, Adolfo Quinodoz y el coordinador administrativo, Horacio Garay.<\/p>\n<p>&nbsp;<\/p>\n<p>Los departamentos beneficiados ser\u00e1n Concordia, Col\u00f3n, Paran\u00e1, San Salvador, Rosario del Tala, Concepci\u00f3n del Uruguay, Villaguay, Diamante, Federaci\u00f3n, Gualeguay, Gualeguaych\u00fa, Islas del Ibicuy, La Paz, Nogoy\u00e1, Federal, Feliciano y Victoria.<\/p>\n<p>&nbsp;<\/p>\n<p>En ese marco, el coordinador general de la UEP, Juan Javier Garc\u00eda dijo: \u201cEstamos muy orgullosos del ritmo de trabajo alcanzado y las expectativas que estamos cumpliendo con el equipo de consultores de Promer. Son desaf\u00edos importantes, por eso cada paso es un avance que nos plantea nuevas metas\u201d. Adem\u00e1s, valor\u00f3 la obra que se llevar\u00e1 adelante en la escuela N\u00ba 4 Jos\u00e9 Manuel Estrada del distrito Cha\u00f1ar, departamento Feliciano, tambi\u00e9n a trav\u00e9s del Promer. All\u00ed se invertir\u00e1n 21 millones de pesos.<\/p>\n<p>&nbsp;<\/p>\n<p>Cabe destacar que los muebles a entregar a trav\u00e9s de esta licitaci\u00f3n son: conjuntos grupales, conjuntos docentes, conjuntos bipersonales, armarios, pizarrones colgantes y pizarrones magn\u00e9ticos.<\/p>\n<p>&nbsp;<\/p>\n<p>En esta oportunidad se presentaron tres ofertas: La firma Educando SRL; Tamecas SRL y la empresa LM Amoblamientos.<\/p>\n","protected":false},"excerpt":{"rendered":"<p>Se realiz\u00f3 la apertura de sobres correspondiente a la licitaci\u00f3n p\u00fablica N\u00ba 01\/2016 para la adquisici\u00f3n de mobiliario escolar que beneficiar\u00e1 a m\u00e1s de 100 escuelas de la provincia. Es en el marco del segundo Proyecto de Mejoramiento de la Educaci\u00f3n Rural (Promer II) que lleva adelante el gobierno a trav\u00e9s de la Unidad Ejecutora Provincial (UEP) &nbsp; &nbsp; &nbsp; Este lunes se conocieron las ofertas para la adquisici\u00f3n de mobiliario escolar que beneficiar\u00e1 a m\u00e1s de 100 establecimientos educativos. El acto de apertura de sobres se llev\u00f3 a cabo&#8230;<\/p>\n","protected":false},"author":3,"featured_media":9088,"comment_status":"closed","ping_status":"closed","sticky":false,"template":"","format":"standard","meta":[],"categories":[9,15],"tags":[],"_links":{"self":[{"href":"https:\/\/www.actualidadadiario.com\/index.php\/wp-json\/wp\/v2\/posts\/9087"}],"collection":[{"href":"https:\/\/www.actualidadadiario.com\/index.php\/wp-json\/wp\/v2\/posts"}],"about":[{"href":"https:\/\/www.actualidadadiario.com\/index.php\/wp-json\/wp\/v2\/types\/post"}],"author":[{"embeddable":true,"href":"https:\/\/www.actualidadadiario.com\/index.php\/wp-json\/wp\/v2\/users\/3"}],"replies":[{"embeddable":true,"href":"https:\/\/www.actualidadadiario.com\/index.php\/wp-json\/wp\/v2\/comments?post=9087"}],"version-history":[{"count":1,"href":"https:\/\/www.actualidadadiario.com\/index.php\/wp-json\/wp\/v2\/posts\/9087\/revisions"}],"predecessor-version":[{"id":9089,"href":"https:\/\/www.actualidadadiario.com\/index.php\/wp-json\/wp\/v2\/posts\/9087\/revisions\/9089"}],"wp:featuredmedia":[{"embeddable":true,"href":"https:\/\/www.actualidadadiario.com\/index.php\/wp-json\/wp\/v2\/media\/9088"}],"wp:attachment":[{"href":"https:\/\/www.actualidadadiario.com\/index.php\/wp-json\/wp\/v2\/media?parent=9087"}],"wp:term":[{"taxonomy":"category","embeddable":true,"href":"https:\/\/www.actualidadadiario.com\/index.php\/wp-json\/wp\/v2\/categories?post=9087"},{"taxonomy":"post_tag","embeddable":true,"href":"https:\/\/www.actualidadadiario.com\/index.php\/wp-json\/wp\/v2\/tags?post=9087"}],"curies":[{"name":"wp","href":"https:\/\/api.w.org\/{rel}","templated":true}]}}