{"id":9081,"date":"2017-03-27T09:34:45","date_gmt":"2017-03-27T12:34:45","guid":{"rendered":"http:\/\/actualidadadiario.com\/site\/?p=9081"},"modified":"2017-03-27T09:34:45","modified_gmt":"2017-03-27T12:34:45","slug":"pinola-el-ultimo-citado-por-bauza-a-la-seleccion","status":"publish","type":"post","link":"https:\/\/www.actualidadadiario.com\/index.php\/2017\/03\/27\/pinola-el-ultimo-citado-por-bauza-a-la-seleccion\/","title":{"rendered":"Pinola, el \u00faltimo citado por Bauza a la Selecci\u00f3n"},"content":{"rendered":"<p><em><strong>El lateral izquierdo Emmanuel Mas no se recuper\u00f3 del traumatismo en la rodilla derecha que sufri\u00f3 en el partido del jueves pasado ante Chile y se convirti\u00f3 en la s\u00e9ptima baja del seleccionado argentino de cara al choque del martes pr\u00f3ximo ante Bolivia en La Paz por la 14\u00aa fecha de las eliminatorias sudamericanas<\/strong><\/em><\/p>\n<p>&nbsp;<\/p>\n<p>&nbsp;<\/p>\n<p>&nbsp;<\/p>\n<p>&nbsp;<\/p>\n<p>&nbsp;<\/p>\n<p>El sanjuanino, jugador del Trabzonspor turco, fue desafectado esta tarde del plantel conducido por Edgardo Bauza. Para suplirlo, el entrenador hab\u00eda citado unas horas antes al defensor de Rosario Central, Javier Pinola.<\/p>\n<p>&nbsp;<\/p>\n<p>El ex San Mart\u00edn de San Juan y San Lorenzo sufri\u00f3 la lesi\u00f3n durante el primer tiempo del triunfo 1-0 sobre Chile y fue reemplazado en el entretiempo por Mateo Musacchio.<\/p>\n<p>&nbsp;<\/p>\n<p>La baja de Mas se suma a las de Pablo Zabaleta, Gabriel Mercado, ambas por lesi\u00f3n, y las de Lucas Biglia, Javier Mascherano, Gonzalo Higua\u00edn y Nicol\u00e1s Otamendi, las cuatro por suspensi\u00f3n.<\/p>\n<p>&nbsp;<\/p>\n<p>A su vez, el &#8220;Pat\u00f3n&#8221; convoc\u00f3 a Mat\u00edas Caruzzo, defensor de San Lorenzo, Iv\u00e1n Marcone, mediocampista de Lan\u00fas, y Lucas Alario, delantero de River Plate.<\/p>\n<p>&nbsp;<\/p>\n<p>Argentina visitar\u00e1 a Bolivia ma\u00f1ana desde las 17 en el estadio Hernando Siles de La Paz.<\/p>\n","protected":false},"excerpt":{"rendered":"<p>El lateral izquierdo Emmanuel Mas no se recuper\u00f3 del traumatismo en la rodilla derecha que sufri\u00f3 en el partido del jueves pasado ante Chile y se convirti\u00f3 en la s\u00e9ptima baja del seleccionado argentino de cara al choque del martes pr\u00f3ximo ante Bolivia en La Paz por la 14\u00aa fecha de las eliminatorias sudamericanas &nbsp; &nbsp; &nbsp; &nbsp; &nbsp; El sanjuanino, jugador del Trabzonspor turco, fue desafectado esta tarde del plantel conducido por Edgardo Bauza. Para suplirlo, el entrenador hab\u00eda citado unas horas antes al defensor de Rosario Central, Javier&#8230;<\/p>\n","protected":false},"author":3,"featured_media":9082,"comment_status":"closed","ping_status":"closed","sticky":false,"template":"","format":"standard","meta":[],"categories":[4],"tags":[],"_links":{"self":[{"href":"https:\/\/www.actualidadadiario.com\/index.php\/wp-json\/wp\/v2\/posts\/9081"}],"collection":[{"href":"https:\/\/www.actualidadadiario.com\/index.php\/wp-json\/wp\/v2\/posts"}],"about":[{"href":"https:\/\/www.actualidadadiario.com\/index.php\/wp-json\/wp\/v2\/types\/post"}],"author":[{"embeddable":true,"href":"https:\/\/www.actualidadadiario.com\/index.php\/wp-json\/wp\/v2\/users\/3"}],"replies":[{"embeddable":true,"href":"https:\/\/www.actualidadadiario.com\/index.php\/wp-json\/wp\/v2\/comments?post=9081"}],"version-history":[{"count":1,"href":"https:\/\/www.actualidadadiario.com\/index.php\/wp-json\/wp\/v2\/posts\/9081\/revisions"}],"predecessor-version":[{"id":9083,"href":"https:\/\/www.actualidadadiario.com\/index.php\/wp-json\/wp\/v2\/posts\/9081\/revisions\/9083"}],"wp:featuredmedia":[{"embeddable":true,"href":"https:\/\/www.actualidadadiario.com\/index.php\/wp-json\/wp\/v2\/media\/9082"}],"wp:attachment":[{"href":"https:\/\/www.actualidadadiario.com\/index.php\/wp-json\/wp\/v2\/media?parent=9081"}],"wp:term":[{"taxonomy":"category","embeddable":true,"href":"https:\/\/www.actualidadadiario.com\/index.php\/wp-json\/wp\/v2\/categories?post=9081"},{"taxonomy":"post_tag","embeddable":true,"href":"https:\/\/www.actualidadadiario.com\/index.php\/wp-json\/wp\/v2\/tags?post=9081"}],"curies":[{"name":"wp","href":"https:\/\/api.w.org\/{rel}","templated":true}]}}