{"id":908,"date":"2016-09-12T09:51:36","date_gmt":"2016-09-12T12:51:36","guid":{"rendered":"http:\/\/actualidadadiario.com\/site\/?p=908"},"modified":"2016-09-12T09:51:36","modified_gmt":"2016-09-12T12:51:36","slug":"empresas-entrerrianas-participan-en-la-feria-de-alimentos-en-rusia","status":"publish","type":"post","link":"https:\/\/www.actualidadadiario.com\/index.php\/2016\/09\/12\/empresas-entrerrianas-participan-en-la-feria-de-alimentos-en-rusia\/","title":{"rendered":"Empresas entrerrianas participan en la feria de alimentos en Rusia"},"content":{"rendered":"<p><em><strong>Empresas de la provincia, acompa\u00f1adas por el gobierno de Entre R\u00edos, participan desde este lunes y hasta el jueves en la feria de alimentos World Food Mosc\u00fa, una de las m\u00e1s importantes del mundo<\/strong><\/em><\/p>\n<p>&nbsp;<\/p>\n<p>&nbsp;<\/p>\n<p>&nbsp;<\/p>\n<p>La actividad de la delegaci\u00f3n entrerriana se concretar\u00e1 en el marco de una misi\u00f3n comercial que tiene por objeto promover las principales cadenas de valor de la provincia en uno de los mercados m\u00e1s demandante de la econom\u00eda exportadora nacional, como as\u00ed tambi\u00e9n desarrollar nuevas vinculaciones comerciales en una de las ferias m\u00e1s importantes del mundo en lo que refiere a alimentos.<\/p>\n<p>El director General de Relaciones Internacionales de la provincia, Santiago Escales Migliore, ser\u00e1 quien acompa\u00f1e a las empresas entrerrianas en su participaci\u00f3n en la feria. Estar\u00e1n presentes: la C\u00e1mara de Exportadores del Citrus del NEA (CECNEA), Grupo Motta, Nobel SA y RPB S.A. Por su parte, la firma Tecnovo S.A. estar\u00e1 visitando la feria para mantener reuniones con sus potenciales clientes.<\/p>\n<p>Las empresas entrerrianas contar\u00e1n con un stand institucional en el Pabell\u00f3n Oficial Argentino, al igual que las provincias de Santa Fe y Tucum\u00e1n. La Agencia Argentina de Inversiones y Comercio Internacional y el Consejo Federal de Inversiones respaldan la participaci\u00f3n en esta importante feria internacional de alimentos. La participaci\u00f3n de la provincia es coordinada desde el Ministerio de Producci\u00f3n, a trav\u00e9s de la Secretar\u00eda de Comercio, y su Direcci\u00f3n General de Relaciones Internacionales.<\/p>\n<p><strong>La feria<\/strong><\/p>\n<p>World Food Mosc\u00fa recibe una gran cantidad de productores de alimentos y bebidas, locales e internacionales. Este evento se ha convertido en un punto de encuentro obligado para industriales y profesionales del sector alimenticio. Para mayor comodidad de los expositores, la feria est\u00e1 dividida en doce sectores especializados: carne y aves; bebidas; t\u00e9 y caf\u00e9; alimentos de despensa y almac\u00e9n; productos l\u00e1cteos; confiter\u00eda y golosinas; pescado y otros frutos de mar; aceites y salsas; conservas; congelados, productos biol\u00f3gicos y frutas y vegetales.<\/p>\n<p>&nbsp;<br \/>\n<strong><br \/>\nOtros detalles<\/strong><\/p>\n<p>World Food Mosc\u00fa celebra este a\u00f1o su 25\u00aa edici\u00f3n anual, con expositores internacionales procedentes de 62 pa\u00edses. En el a\u00f1o 2015 participaron 1.522 expositores provenientes de al menos 70 pa\u00edses y asistieron m\u00e1s de 30.900 visitantes. La misma cuenta con 55.000 metros cuadrados, divididos en 55 pabellones nacionales, regionales y sectoriales. Esta feria anual que se realiza desde 1992, es utilizada por los productores y distribuidores locales y extranjeros como una herramienta para introducir sus marcas en el mercado ruso.<br \/>\n<strong>\u00a0<\/strong><\/p>\n<p><strong>Datos<\/strong><\/p>\n<p>El mercado ruso se presenta como el principal comprador europeo de productos entrerrianos, con una total en 2015 de U$D 28.128.737, siendo los c\u00edtricos dulces el sector que lidera las exportaciones. Adem\u00e1s se destacan las exportaciones de carne aviar, equina, leche en polvo, lacto suero y ovoproductos.<\/p>\n","protected":false},"excerpt":{"rendered":"<p>Empresas de la provincia, acompa\u00f1adas por el gobierno de Entre R\u00edos, participan desde este lunes y hasta el jueves en la feria de alimentos World Food Mosc\u00fa, una de las m\u00e1s importantes del mundo &nbsp; &nbsp; &nbsp; La actividad de la delegaci\u00f3n entrerriana se concretar\u00e1 en el marco de una misi\u00f3n comercial que tiene por objeto promover las principales cadenas de valor de la provincia en uno de los mercados m\u00e1s demandante de la econom\u00eda exportadora nacional, como as\u00ed tambi\u00e9n desarrollar nuevas vinculaciones comerciales en una de las ferias m\u00e1s&#8230;<\/p>\n","protected":false},"author":3,"featured_media":909,"comment_status":"closed","ping_status":"closed","sticky":false,"template":"","format":"standard","meta":[],"categories":[15],"tags":[],"_links":{"self":[{"href":"https:\/\/www.actualidadadiario.com\/index.php\/wp-json\/wp\/v2\/posts\/908"}],"collection":[{"href":"https:\/\/www.actualidadadiario.com\/index.php\/wp-json\/wp\/v2\/posts"}],"about":[{"href":"https:\/\/www.actualidadadiario.com\/index.php\/wp-json\/wp\/v2\/types\/post"}],"author":[{"embeddable":true,"href":"https:\/\/www.actualidadadiario.com\/index.php\/wp-json\/wp\/v2\/users\/3"}],"replies":[{"embeddable":true,"href":"https:\/\/www.actualidadadiario.com\/index.php\/wp-json\/wp\/v2\/comments?post=908"}],"version-history":[{"count":1,"href":"https:\/\/www.actualidadadiario.com\/index.php\/wp-json\/wp\/v2\/posts\/908\/revisions"}],"predecessor-version":[{"id":910,"href":"https:\/\/www.actualidadadiario.com\/index.php\/wp-json\/wp\/v2\/posts\/908\/revisions\/910"}],"wp:featuredmedia":[{"embeddable":true,"href":"https:\/\/www.actualidadadiario.com\/index.php\/wp-json\/wp\/v2\/media\/909"}],"wp:attachment":[{"href":"https:\/\/www.actualidadadiario.com\/index.php\/wp-json\/wp\/v2\/media?parent=908"}],"wp:term":[{"taxonomy":"category","embeddable":true,"href":"https:\/\/www.actualidadadiario.com\/index.php\/wp-json\/wp\/v2\/categories?post=908"},{"taxonomy":"post_tag","embeddable":true,"href":"https:\/\/www.actualidadadiario.com\/index.php\/wp-json\/wp\/v2\/tags?post=908"}],"curies":[{"name":"wp","href":"https:\/\/api.w.org\/{rel}","templated":true}]}}