{"id":9078,"date":"2017-03-27T09:34:01","date_gmt":"2017-03-27T12:34:01","guid":{"rendered":"http:\/\/actualidadadiario.com\/site\/?p=9078"},"modified":"2017-03-27T09:34:01","modified_gmt":"2017-03-27T12:34:01","slug":"brasil-se-prepara-para-una-huelga-general-por-la-nueva-ley-flexibilizacion-laboral","status":"publish","type":"post","link":"https:\/\/www.actualidadadiario.com\/index.php\/2017\/03\/27\/brasil-se-prepara-para-una-huelga-general-por-la-nueva-ley-flexibilizacion-laboral\/","title":{"rendered":"Brasil se prepara para una huelga general por la nueva ley flexibilizaci\u00f3n laboral"},"content":{"rendered":"<p><em><strong>La nueva ley, impulsada por el gobierno de Michel Temer, cambia radicalmente el escenario legal del mundo laboral. Hasta el momento, en Brasil se pod\u00eda tercerizar solamente las actividades laterales, como por ejemplo, servicios de limpieza y vigilancia. A partir de ahora se podr\u00e1 tercerizar la llamada &#8216;actividad-fin&#8217;, es decir toda la actividad de una f\u00e1brica podr\u00e1 realizarse con aut\u00f3nomos, sin necesidad de pagar cargas sociales. Se estima que el n\u00famero de trabajadores subcontratados en el pa\u00eds crezca de los actuales 13 millones a m\u00e1s de 52 millones. Este nuevo sistema quiebra el r\u00e9gimen de la Consolidaci\u00f3n de Leyes del Trabajo instaurado el 1 de mayo de 1943 por la presidencia de Getulio Vargas<\/strong><\/em><\/p>\n<p>&nbsp;<\/p>\n<p>&nbsp;<\/p>\n<p>&nbsp;<\/p>\n<p>&nbsp;<\/p>\n<p>El proyecto aprobado en el legislativo de Brasil que autoriza la tercerizaci\u00f3n yes un duro golpe a los derechos laborales vigentes desde 1943. En una escandalosa sesi\u00f3n que incluy\u00f3 gritos y acusaciones cruzadas, la C\u00e1mara de Diputados de Brasil convirti\u00f3 el mi\u00e9rcoles pasado por la noche en ley un proyecto de 1998 que legaliza cualquier tipo de tercerizaci\u00f3n en el mundo del trabajo.<\/p>\n<p>&nbsp;<\/p>\n<p>Ante este golpe a las conquistas laborales vigentes hace m\u00e1s de medio siglo, las siete mayores centrales sindicales de Brasil preparan\u00a0 para una nueva jornada de paralizaciones contra las reformas impulsadas por el Ejecutivo de Michel Temer.<\/p>\n<p>&nbsp;<\/p>\n<p>El secretario general de la Fuerza Sindical, Jos\u00e9 Carlos Gonzalves, considera necesario y fundamental para el futuro de las negociaciones con el Gobierno una demostraci\u00f3n de fuerza de todos los trabajadores, &#8220;vamos a procurar que eso ocurra a finales de abril&#8221;.<\/p>\n<p>&nbsp;<\/p>\n<p>La tercerizaci\u00f3n es solo la primera parte de la reforma laboral que pretende tambi\u00e9n llevar adelante el gobierno de Temer, advirti\u00f3 durante los debates el diputado del Partido de los Trabajadores (PT) Henrique Fontana.<\/p>\n<p>&nbsp;<\/p>\n<p>Seg\u00fan dirigentes obreros, este martes debe producirse un encuentro con el l\u00edder gubernamental en el Senado Federal, Romero Juc\u00e1, para discutir sobre el Proyecto de Ley de la C\u00e1mara (PLC) 30, antiguo 4330, que pudiera ser votado en esa casa y el cual prohib\u00eda la externalizaci\u00f3n de las actividades fundamentales de las empresas.<\/p>\n<p>&nbsp;<\/p>\n<p>Las centrales sindicales aseguran que el proyecto empeorar\u00e1 la situaci\u00f3n de los trabajadores brasile\u00f1os, que ahora tendr\u00e1n contrataciones m\u00e1s baratas y perder\u00e1n conquistas.<\/p>\n<p>&nbsp;<\/p>\n<p>La aprobaci\u00f3n de ese proyecto har\u00eda que el n\u00famero de trabajadores subcontratados en el pa\u00eds crezca de los actuales 13 millones a m\u00e1s de 52 millones, pues crear\u00e1 empresas sin empleados directamente vinculados.<\/p>\n","protected":false},"excerpt":{"rendered":"<p>La nueva ley, impulsada por el gobierno de Michel Temer, cambia radicalmente el escenario legal del mundo laboral. Hasta el momento, en Brasil se pod\u00eda tercerizar solamente las actividades laterales, como por ejemplo, servicios de limpieza y vigilancia. A partir de ahora se podr\u00e1 tercerizar la llamada &#8216;actividad-fin&#8217;, es decir toda la actividad de una f\u00e1brica podr\u00e1 realizarse con aut\u00f3nomos, sin necesidad de pagar cargas sociales. Se estima que el n\u00famero de trabajadores subcontratados en el pa\u00eds crezca de los actuales 13 millones a m\u00e1s de 52 millones. Este nuevo&#8230;<\/p>\n","protected":false},"author":3,"featured_media":9079,"comment_status":"closed","ping_status":"closed","sticky":false,"template":"","format":"standard","meta":[],"categories":[4],"tags":[],"_links":{"self":[{"href":"https:\/\/www.actualidadadiario.com\/index.php\/wp-json\/wp\/v2\/posts\/9078"}],"collection":[{"href":"https:\/\/www.actualidadadiario.com\/index.php\/wp-json\/wp\/v2\/posts"}],"about":[{"href":"https:\/\/www.actualidadadiario.com\/index.php\/wp-json\/wp\/v2\/types\/post"}],"author":[{"embeddable":true,"href":"https:\/\/www.actualidadadiario.com\/index.php\/wp-json\/wp\/v2\/users\/3"}],"replies":[{"embeddable":true,"href":"https:\/\/www.actualidadadiario.com\/index.php\/wp-json\/wp\/v2\/comments?post=9078"}],"version-history":[{"count":1,"href":"https:\/\/www.actualidadadiario.com\/index.php\/wp-json\/wp\/v2\/posts\/9078\/revisions"}],"predecessor-version":[{"id":9080,"href":"https:\/\/www.actualidadadiario.com\/index.php\/wp-json\/wp\/v2\/posts\/9078\/revisions\/9080"}],"wp:featuredmedia":[{"embeddable":true,"href":"https:\/\/www.actualidadadiario.com\/index.php\/wp-json\/wp\/v2\/media\/9079"}],"wp:attachment":[{"href":"https:\/\/www.actualidadadiario.com\/index.php\/wp-json\/wp\/v2\/media?parent=9078"}],"wp:term":[{"taxonomy":"category","embeddable":true,"href":"https:\/\/www.actualidadadiario.com\/index.php\/wp-json\/wp\/v2\/categories?post=9078"},{"taxonomy":"post_tag","embeddable":true,"href":"https:\/\/www.actualidadadiario.com\/index.php\/wp-json\/wp\/v2\/tags?post=9078"}],"curies":[{"name":"wp","href":"https:\/\/api.w.org\/{rel}","templated":true}]}}