{"id":9063,"date":"2017-03-27T09:28:58","date_gmt":"2017-03-27T12:28:58","guid":{"rendered":"http:\/\/actualidadadiario.com\/site\/?p=9063"},"modified":"2017-03-27T09:28:58","modified_gmt":"2017-03-27T12:28:58","slug":"triaca-admitio-dificultades-pero-aviso-que-volver-al-modelo-de-kicillof-y-moreno-no-esta-en-nuestra-agenda","status":"publish","type":"post","link":"https:\/\/www.actualidadadiario.com\/index.php\/2017\/03\/27\/triaca-admitio-dificultades-pero-aviso-que-volver-al-modelo-de-kicillof-y-moreno-no-esta-en-nuestra-agenda\/","title":{"rendered":"Triaca admiti\u00f3 &#8220;dificultades&#8221;, pero avis\u00f3 que &#8220;volver al modelo de Kicillof y Moreno no est\u00e1 en nuestra agenda&#8221;"},"content":{"rendered":"<p><em><strong>El ministro de Trabajo, Jorge Triaca, admiti\u00f3 que en el pa\u00eds &#8220;hay algunos sectores que tienen dificultades&#8221;, pero asegur\u00f3 que para el Gobierno &#8220;volver al modelo de (Axel) Kicillof y (Guillermo) Moreno no est\u00e1 en nuestra agenda&#8221;, cuando la CGT pide cambios en el modelo econ\u00f3mico<\/strong><\/em><\/p>\n<p>&nbsp;<\/p>\n<p>&nbsp;<\/p>\n<p>&nbsp;<\/p>\n<p>&nbsp;<\/p>\n<p>El ministro de Trabajo de la Naci\u00f3n, Jorge Triaca, asegur\u00f3 este lunes que en el pa\u00eds &#8220;hay algunos sectores que tienen dificultades&#8221; y que &#8220;en nombre de esos sectores&#8221; la CGT tom\u00f3 la decisi\u00f3n de llevar adelante el paro general del 6 de abril pr\u00f3ximo, pero asegur\u00f3 que para el Gobierno &#8220;volver al modelo de (Axel) Kicillof y (Guillermo) Moreno no est\u00e1 en nuestra agenda&#8221; cuando la central obrera pide cambios en el modelo econ\u00f3mico.<\/p>\n<p>&nbsp;<\/p>\n<p>&#8220;Cuando nos dicen que la cuesti\u00f3n es que cambiemos el modelo econ\u00f3mico, volver al modelo econ\u00f3mico anterior de Kicillof, Moreno y dem\u00e1s; seguramente no est\u00e1 en nuestra agenda&#8221;, dijo el titular de la cartera laboral en una entrevista que publica hoy el diario Clar\u00edn.<\/p>\n<p>&nbsp;<\/p>\n<p>No obstante, Triaca, uno de los integrantes de la comitiva que viaj\u00f3 con el presidente Mauricio Macri a Holanda, donde concedi\u00f3 el reportaje, destac\u00f3 el trabajo conjunto entre el Ejecutivo y los dirigentes gremiales.<\/p>\n<p>&nbsp;<\/p>\n<p>&#8220;En conjunto con los dirigentes sindicales, se han resuelto cosas que durante muchos a\u00f1os no se resolv\u00edan. No solamente el tema de Ganancias, que fue lo \u00faltimo que en diciembre pudimos trabajar con un acuerdo, un proyecto com\u00fan que fue apoyado por muchos sectores de la oposici\u00f3n. Pero tambi\u00e9n la reparaci\u00f3n hist\u00f3rica de los jubilados, el tema las asignaciones familiares&#8221;, detall\u00f3.<\/p>\n<p>&nbsp;<\/p>\n<p>El ministro valor\u00f3 que &#8220;son muchas las cosas que laburamos en conjunto&#8221; con los sindicalistas aunque admiti\u00f3 que &#8220;pareciera que hay momentos en donde nos tenemos que subir al ring para pelearnos y hay momentos donde nos podemos sentar a una mesa y podemos acordar&#8221;.<\/p>\n<p>&nbsp;<\/p>\n<p>Consultado por el paro nacional impulsado por la CGT para el pr\u00f3ximo 6 de abril, Triaca se\u00f1al\u00f3 que &#8220;hay algunos sectores que tienen dificultades y que en nombre de esos sectores, muchos han tomado la decisi\u00f3n de llevar adelante el paro general&#8221;.<\/p>\n<p>&nbsp;<\/p>\n<p>Sin embargo, puntualiz\u00f3 que el Ejecutivo est\u00e1 desarrollando &#8220;una agenda muy propositiva con ellos. No solamente a partir del desarrollo de toda la tarea de contenci\u00f3n para esos sectores, sino tambi\u00e9n de la transformaci\u00f3n de los sectores. Para que generen la productividad necesaria para poder, no s\u00f3lo sostenerse sino desarrollarse&#8221;.<\/p>\n<p>&nbsp;<\/p>\n<p>Triaca tambi\u00e9n destac\u00f3 los avances respecto de la ley para Pymes y la de apoyo a los autopartistas. &#8220;Hay una agenda de trabajo muy fruct\u00edfera. Trabajamos en conjunto con la CGT para sancionar la ley de la reforma de ART. Cuando hay esa vocaci\u00f3n de di\u00e1logo, conseguimos resultados&#8221;, marc\u00f3.<\/p>\n<p>&nbsp;<\/p>\n<p>El funcionario puso tambi\u00e9n como ejemplo de &#8220;una agenda cotidiana, habitual&#8221; con los gremios el acuerdo paritario alcanzado en el Sindicato de Comercio, el m\u00e1s numeroso del pa\u00eds.<\/p>\n<p>&nbsp;<\/p>\n<p>&#8220;Ahora cuando nos ponemos en una actitud de confrontaci\u00f3n, no le sirve a la Argentina. Y ese es nuestro cuestionamiento al paro&#8221;, dijo Triaca.<\/p>\n<p>&nbsp;<\/p>\n<p>El ministro consider\u00f3 que la decisi\u00f3n de la huelga general obedece a que &#8220;hay sectores m\u00e1s radicalizados dentro de las organizaciones y que esos sectores quieren imponer una agenda de debilitamiento del Gobierno&#8221;, por lo que &#8220;a veces, las conducciones pueden llevar adelante el di\u00e1logo y hay otros momentos donde tienen que darles espacio a los m\u00e1s radicalizados.<\/p>\n","protected":false},"excerpt":{"rendered":"<p>El ministro de Trabajo, Jorge Triaca, admiti\u00f3 que en el pa\u00eds &#8220;hay algunos sectores que tienen dificultades&#8221;, pero asegur\u00f3 que para el Gobierno &#8220;volver al modelo de (Axel) Kicillof y (Guillermo) Moreno no est\u00e1 en nuestra agenda&#8221;, cuando la CGT pide cambios en el modelo econ\u00f3mico &nbsp; &nbsp; &nbsp; &nbsp; El ministro de Trabajo de la Naci\u00f3n, Jorge Triaca, asegur\u00f3 este lunes que en el pa\u00eds &#8220;hay algunos sectores que tienen dificultades&#8221; y que &#8220;en nombre de esos sectores&#8221; la CGT tom\u00f3 la decisi\u00f3n de llevar adelante el paro general&#8230;<\/p>\n","protected":false},"author":3,"featured_media":9064,"comment_status":"closed","ping_status":"closed","sticky":false,"template":"","format":"standard","meta":[],"categories":[18],"tags":[],"_links":{"self":[{"href":"https:\/\/www.actualidadadiario.com\/index.php\/wp-json\/wp\/v2\/posts\/9063"}],"collection":[{"href":"https:\/\/www.actualidadadiario.com\/index.php\/wp-json\/wp\/v2\/posts"}],"about":[{"href":"https:\/\/www.actualidadadiario.com\/index.php\/wp-json\/wp\/v2\/types\/post"}],"author":[{"embeddable":true,"href":"https:\/\/www.actualidadadiario.com\/index.php\/wp-json\/wp\/v2\/users\/3"}],"replies":[{"embeddable":true,"href":"https:\/\/www.actualidadadiario.com\/index.php\/wp-json\/wp\/v2\/comments?post=9063"}],"version-history":[{"count":1,"href":"https:\/\/www.actualidadadiario.com\/index.php\/wp-json\/wp\/v2\/posts\/9063\/revisions"}],"predecessor-version":[{"id":9065,"href":"https:\/\/www.actualidadadiario.com\/index.php\/wp-json\/wp\/v2\/posts\/9063\/revisions\/9065"}],"wp:featuredmedia":[{"embeddable":true,"href":"https:\/\/www.actualidadadiario.com\/index.php\/wp-json\/wp\/v2\/media\/9064"}],"wp:attachment":[{"href":"https:\/\/www.actualidadadiario.com\/index.php\/wp-json\/wp\/v2\/media?parent=9063"}],"wp:term":[{"taxonomy":"category","embeddable":true,"href":"https:\/\/www.actualidadadiario.com\/index.php\/wp-json\/wp\/v2\/categories?post=9063"},{"taxonomy":"post_tag","embeddable":true,"href":"https:\/\/www.actualidadadiario.com\/index.php\/wp-json\/wp\/v2\/tags?post=9063"}],"curies":[{"name":"wp","href":"https:\/\/api.w.org\/{rel}","templated":true}]}}