{"id":9057,"date":"2017-03-27T09:23:01","date_gmt":"2017-03-27T12:23:01","guid":{"rendered":"http:\/\/actualidadadiario.com\/site\/?p=9057"},"modified":"2017-03-27T09:23:01","modified_gmt":"2017-03-27T12:23:01","slug":"la-grieta-llego-a-holanda-macri-fue-recibido-con-manifestaciones-a-favor-y-en-contra","status":"publish","type":"post","link":"https:\/\/www.actualidadadiario.com\/index.php\/2017\/03\/27\/la-grieta-llego-a-holanda-macri-fue-recibido-con-manifestaciones-a-favor-y-en-contra\/","title":{"rendered":"La grieta lleg\u00f3 a Holanda: Macri fue recibido con manifestaciones a favor y en contra"},"content":{"rendered":"<p><em><strong>En su primer acto oficial durante la visita a Holanda, el presidente Mauricio Macri fue recibido entre gritos de apoyo y de rechazo de manifestantes argentinos. En la c\u00e9ntrica plaza Dam de Amsterdam, el mandatario y su esposa Juliana Awada caminaron junto a los reyes Guillermo y M\u00e1xima de Holanda, tal como marcaba el protocolo<\/strong><\/em><\/p>\n<p>&nbsp;<\/p>\n<p>&nbsp;<\/p>\n<p>&nbsp;<\/p>\n<p>&nbsp;<\/p>\n<p>En ese momento, una treintena de simpatizantes de Macri comenzaron a corear a los gritos &#8220;\u00a1s\u00ed, se puede!, \u00a1s\u00ed, se puede!&#8221; desde el lado izquierdo del podio, mientras el presidente y el rey iban caminado. Desde el otro extremo de la plaza, se manifest\u00f3 otro grupo convocado por la agrupaci\u00f3n H.I.J.O.S que gritaron a coro &#8220;Panam\u00e1, Panam\u00e1, la plata donde est\u00e1&#8221; y luego una activista con un meg\u00e1fono dijo &#8220;son 30.000 los desaparecidos, Macri no lo olvides&#8221;. Tambi\u00e9n se mostraron carteles y consignas pidiendo la libertad de Milagro Sala.<\/p>\n<p>&nbsp;<\/p>\n<p>Una vez concluido el acto, donde Macri deposit\u00f3 una ofrenda floral en un monumento que recuerda a los ca\u00eddos en la Segunda Guerra Mundial, los dos grupos de manifestantes retomaron con m\u00e1s \u00edmpetu sus c\u00e1nticos, poniendo en evidencia las diferencias entre los argentinos residentes en los Pa\u00edses Bajos.<\/p>\n<p>&nbsp;<\/p>\n<p>Los argentinos que quer\u00edan mostrar su apoyo al Presidente portaban banderas nacionales. &#8220;Estamos contentos de tener al presidente ac\u00e1, es una buena oportunidad para Argentina&#8221;, dijo Natalia D\u00edaz Romero, una de las manifestantes. &#8220;Sab\u00edamos que hab\u00edan convocado una protesta en repudio a la visita, por eso quer\u00edamos estar aqu\u00ed, porque en las elecciones, el 95% de los argentinos que votaron en Holanda lo hicieron por Macri&#8221;, apunt\u00f3 Natalia.<\/p>\n<p>&nbsp;<\/p>\n<p>Mientras tanto, en el polo opuesto, los detractores del mandatario elevaban el tono, meg\u00e1fono en mano, con consignas tales como &#8220;Macri, vos sos la dictadura&#8221;.<\/p>\n","protected":false},"excerpt":{"rendered":"<p>En su primer acto oficial durante la visita a Holanda, el presidente Mauricio Macri fue recibido entre gritos de apoyo y de rechazo de manifestantes argentinos. En la c\u00e9ntrica plaza Dam de Amsterdam, el mandatario y su esposa Juliana Awada caminaron junto a los reyes Guillermo y M\u00e1xima de Holanda, tal como marcaba el protocolo &nbsp; &nbsp; &nbsp; &nbsp; En ese momento, una treintena de simpatizantes de Macri comenzaron a corear a los gritos &#8220;\u00a1s\u00ed, se puede!, \u00a1s\u00ed, se puede!&#8221; desde el lado izquierdo del podio, mientras el presidente y&#8230;<\/p>\n","protected":false},"author":3,"featured_media":9058,"comment_status":"closed","ping_status":"closed","sticky":false,"template":"","format":"standard","meta":[],"categories":[9,18],"tags":[],"_links":{"self":[{"href":"https:\/\/www.actualidadadiario.com\/index.php\/wp-json\/wp\/v2\/posts\/9057"}],"collection":[{"href":"https:\/\/www.actualidadadiario.com\/index.php\/wp-json\/wp\/v2\/posts"}],"about":[{"href":"https:\/\/www.actualidadadiario.com\/index.php\/wp-json\/wp\/v2\/types\/post"}],"author":[{"embeddable":true,"href":"https:\/\/www.actualidadadiario.com\/index.php\/wp-json\/wp\/v2\/users\/3"}],"replies":[{"embeddable":true,"href":"https:\/\/www.actualidadadiario.com\/index.php\/wp-json\/wp\/v2\/comments?post=9057"}],"version-history":[{"count":1,"href":"https:\/\/www.actualidadadiario.com\/index.php\/wp-json\/wp\/v2\/posts\/9057\/revisions"}],"predecessor-version":[{"id":9059,"href":"https:\/\/www.actualidadadiario.com\/index.php\/wp-json\/wp\/v2\/posts\/9057\/revisions\/9059"}],"wp:featuredmedia":[{"embeddable":true,"href":"https:\/\/www.actualidadadiario.com\/index.php\/wp-json\/wp\/v2\/media\/9058"}],"wp:attachment":[{"href":"https:\/\/www.actualidadadiario.com\/index.php\/wp-json\/wp\/v2\/media?parent=9057"}],"wp:term":[{"taxonomy":"category","embeddable":true,"href":"https:\/\/www.actualidadadiario.com\/index.php\/wp-json\/wp\/v2\/categories?post=9057"},{"taxonomy":"post_tag","embeddable":true,"href":"https:\/\/www.actualidadadiario.com\/index.php\/wp-json\/wp\/v2\/tags?post=9057"}],"curies":[{"name":"wp","href":"https:\/\/api.w.org\/{rel}","templated":true}]}}