{"id":9054,"date":"2017-03-27T09:20:22","date_gmt":"2017-03-27T12:20:22","guid":{"rendered":"http:\/\/actualidadadiario.com\/site\/?p=9054"},"modified":"2017-03-27T09:20:22","modified_gmt":"2017-03-27T12:20:22","slug":"los-reyes-de-holanda-le-dieron-la-bienvenida-a-macri","status":"publish","type":"post","link":"https:\/\/www.actualidadadiario.com\/index.php\/2017\/03\/27\/los-reyes-de-holanda-le-dieron-la-bienvenida-a-macri\/","title":{"rendered":"Los reyes de Holanda le dieron la bienvenida a Macri"},"content":{"rendered":"<p><em><strong>El presidente Mauricio Macri y la primera dama, Juliana Awada, fueron recibidos con honores por los reyes de Holanda Guillermo y M\u00e1xima, en la c\u00e9ntrica plaza Dam de Amsterdam, al inicio de su visita de Estado al pa\u00eds europeo, entre gritos de apoyo y de rechazo de manifestantes argentinos<\/strong><\/em><\/p>\n<p>&nbsp;<\/p>\n<p>&nbsp;<\/p>\n<p>&nbsp;<\/p>\n<p>&nbsp;<\/p>\n<p>&nbsp;<\/p>\n<p>Puntuales, como marcaba el protocolo, el matrimonio presidencial y la pareja de soberanos salieron caminando juntos por una de las puertas principales del Palacio Real, situado en la misma plaza, y se dirigieron a un podio desde donde siguieron la ceremonia bajo un brillante sol primaveral.<\/p>\n<p>&nbsp;<\/p>\n<p>La banda de la Guardia Real interpret\u00f3 los himnos de Argentina y los Pa\u00edses Bajos (Wilhelmus), y luego el rey y el presidente Macri pasaron revista a la guardia de honor. En ese momento, una treintena de simpatizantes de Macri comenzaron a corear a los gritos &#8220;\u00a1s\u00ed, se puede!, \u00a1s\u00ed, se puede!&#8221; desde el lado izquierdo del podio, mientras el presidente y el rey iban caminando.<\/p>\n<p>&nbsp;<\/p>\n<p>Desde el otro extremo de la plaza, se manifest\u00f3 otro grupo convocado por la agrupaci\u00f3n H.I.J.O.S que gritaron a coro &#8220;Panam\u00e1, Panam\u00e1, la plata donde est\u00e1&#8221; y luego una activista con un meg\u00e1fono dijo &#8220;son 30.000 los desaparecidos, Macri no lo olvides&#8221;.<\/p>\n<p>&nbsp;<\/p>\n<p>Desde el podio, la reina M\u00e1xima, vestida con una pollera floreada y un sombrero, y Juliana Awada, quien luc\u00eda un vestido y tapado claro, observaron estoicas el contrapunto entre ambas manifestaciones.<\/p>\n<p>&nbsp;<\/p>\n<p>La breve ceremonia finaliz\u00f3 con las dos parejas regresando hacia la entrada principal del Palacio Real, donde posteriormente tendr\u00eda lugar la habitual recepci\u00f3n a las autoridades holandesas y argentinas que acompa\u00f1an al presidente, entre ellos la canciller, Susana Malcorra, el ministro de Educaci\u00f3n, Esteban Bulrich, y el de Trabajo, Jorge Triaca.<\/p>\n<p>&nbsp;<\/p>\n<p>Una vez concluido el acto, los dos grupos de manifestantes retomaron con m\u00e1s \u00edmpetu sus c\u00e1nticos, poniendo en evidencia las diferencias entre los argentinos residentes en los Pa\u00edses Bajos.<\/p>\n<p>&nbsp;<\/p>\n<p>Siguiendo con el protocolo, el presidente Macri regres\u00f3 a la plaza Dam minutos despu\u00e9s para hacer una ofrenda floral en el Monumento Nacional, que recuerda a los ca\u00eddos en la Segunda Guerra Mundial.<\/p>\n<p>&nbsp;<\/p>\n<p>El Monumento Nacional, un enorme monolito c\u00f3nico de piedra blanca de 22 metros de altura, dise\u00f1ado por Jacobus Johannes Pieter Oud, fue inaugurado el 4 de mayo de 1956, fecha en la que cada a\u00f1o las autoridades rinden homenaje a los ca\u00eddos.<\/p>\n<p>&nbsp;<\/p>\n<p>Macri y Juliana Awada caminaron desde el Palacio Real hasta el monolito, ubicado a menos de 100 metros. A su llegada, la pareja presidencial salud\u00f3 a las banderas y pas\u00f3 revista a las tropas, y tras la colocaci\u00f3n de la corona de flores, se dio paso a un minuto de silencio y un saludo de honor a los militares. El acto concluy\u00f3 con m\u00fasica interpretada por una orquesta y con ello tambi\u00e9n terminaron las manifestaciones de los residentes argentinos.<\/p>\n","protected":false},"excerpt":{"rendered":"<p>El presidente Mauricio Macri y la primera dama, Juliana Awada, fueron recibidos con honores por los reyes de Holanda Guillermo y M\u00e1xima, en la c\u00e9ntrica plaza Dam de Amsterdam, al inicio de su visita de Estado al pa\u00eds europeo, entre gritos de apoyo y de rechazo de manifestantes argentinos &nbsp; &nbsp; &nbsp; &nbsp; &nbsp; Puntuales, como marcaba el protocolo, el matrimonio presidencial y la pareja de soberanos salieron caminando juntos por una de las puertas principales del Palacio Real, situado en la misma plaza, y se dirigieron a un podio&#8230;<\/p>\n","protected":false},"author":3,"featured_media":9055,"comment_status":"closed","ping_status":"closed","sticky":false,"template":"","format":"standard","meta":[],"categories":[2],"tags":[],"_links":{"self":[{"href":"https:\/\/www.actualidadadiario.com\/index.php\/wp-json\/wp\/v2\/posts\/9054"}],"collection":[{"href":"https:\/\/www.actualidadadiario.com\/index.php\/wp-json\/wp\/v2\/posts"}],"about":[{"href":"https:\/\/www.actualidadadiario.com\/index.php\/wp-json\/wp\/v2\/types\/post"}],"author":[{"embeddable":true,"href":"https:\/\/www.actualidadadiario.com\/index.php\/wp-json\/wp\/v2\/users\/3"}],"replies":[{"embeddable":true,"href":"https:\/\/www.actualidadadiario.com\/index.php\/wp-json\/wp\/v2\/comments?post=9054"}],"version-history":[{"count":1,"href":"https:\/\/www.actualidadadiario.com\/index.php\/wp-json\/wp\/v2\/posts\/9054\/revisions"}],"predecessor-version":[{"id":9056,"href":"https:\/\/www.actualidadadiario.com\/index.php\/wp-json\/wp\/v2\/posts\/9054\/revisions\/9056"}],"wp:featuredmedia":[{"embeddable":true,"href":"https:\/\/www.actualidadadiario.com\/index.php\/wp-json\/wp\/v2\/media\/9055"}],"wp:attachment":[{"href":"https:\/\/www.actualidadadiario.com\/index.php\/wp-json\/wp\/v2\/media?parent=9054"}],"wp:term":[{"taxonomy":"category","embeddable":true,"href":"https:\/\/www.actualidadadiario.com\/index.php\/wp-json\/wp\/v2\/categories?post=9054"},{"taxonomy":"post_tag","embeddable":true,"href":"https:\/\/www.actualidadadiario.com\/index.php\/wp-json\/wp\/v2\/tags?post=9054"}],"curies":[{"name":"wp","href":"https:\/\/api.w.org\/{rel}","templated":true}]}}