{"id":9051,"date":"2017-03-27T09:18:32","date_gmt":"2017-03-27T12:18:32","guid":{"rendered":"http:\/\/actualidadadiario.com\/site\/?p=9051"},"modified":"2017-03-27T09:18:32","modified_gmt":"2017-03-27T12:18:32","slug":"avanza-plan-oficial-para-construir-100-mil-viviendas-este-ano","status":"publish","type":"post","link":"https:\/\/www.actualidadadiario.com\/index.php\/2017\/03\/27\/avanza-plan-oficial-para-construir-100-mil-viviendas-este-ano\/","title":{"rendered":"Avanza plan oficial para construir 100 mil viviendas este a\u00f1o"},"content":{"rendered":"<p><em><strong>El subsecretario de Coordinaci\u00f3n de la Obra P\u00fablica Federal, Ricardo Delgado, afirm\u00f3 que con el objetivo de estimular la inversi\u00f3n privada y profundizar la pol\u00edtica de vivienda social, se prev\u00e9n &#8220;construir 100.000 viviendas hacia fin de a\u00f1o&#8221;<\/strong><\/em><\/p>\n<p>&nbsp;<\/p>\n<p>&nbsp;<\/p>\n<p>&nbsp;<\/p>\n<p>&nbsp;<\/p>\n<p>&#8220;El objetivo es estimular la inversi\u00f3n privada en la construcci\u00f3n de vivienda y profundizar la pol\u00edtica de vivienda social. El Procrear, a partir del traspaso al Ministerio del Interior, ya forma parte del plan integral de viviendas que conduce Rogelio Frigerio&#8221;, se\u00f1al\u00f3 Delgado en di\u00e1logo con Radio Milenium.<\/p>\n<p>&nbsp;<\/p>\n<p>El presidente Mauricio Macri le encomend\u00f3 al Ministro del Interior, Obras P\u00fablicas y Vivienda, Rogelio Frigerio, que conforme una Mesa de la Construcci\u00f3n antes de fines de marzo, espacio por el cual canalizaran distintas demandas del sector.<\/p>\n<p>&nbsp;<\/p>\n<p>&#8220;Hacia fin de mes queremos consolidar un acuerdo de cada una de las partes que hacen a la construcci\u00f3n, para poner en marcha 100.000 viviendas como compromiso del sector privado en el lapso de un a\u00f1o. Esto dar\u00eda un salto muy significativo&#8221;, detall\u00f3 el funcionario.<\/p>\n<p>&nbsp;<\/p>\n<p>El subsecretario explic\u00f3 que &#8220;habr\u00e1 un aporte importante del Ejecutivo Nacional enviando un proyecto de ley que le permita, por ejemplo, a los que tienen terrenos, ajustar o actualizar el valor de esa tierra por la variaci\u00f3n de precios&#8221;, y tambi\u00e9n &#8220;habr\u00e1 incentivos fiscales para la construcci\u00f3n de viviendas para alquilar&#8221;.<\/p>\n<p>&nbsp;<\/p>\n<p>&#8220;Estamos trabajando en la modificaci\u00f3n de la ley de alquileres, pero tambi\u00e9n creemos que hay que incrementar la oferta&#8221;, puntualiz\u00f3 el funcionario.<\/p>\n<p>&nbsp;<\/p>\n<p>Por otra parte, Delgado sostuvo que la ejecuci\u00f3n presupuestaria en los primeros tres meses del 2017 fue cuadriplicada ante el mismo per\u00edodo del a\u00f1o anterior.<\/p>\n<p>&nbsp;<\/p>\n<p>&#8220;La necesidad de vivienda de Argentina es tan grande que todos tienen espacio para participar de la torta&#8221;, concluy\u00f3 Delgado.<\/p>\n","protected":false},"excerpt":{"rendered":"<p>El subsecretario de Coordinaci\u00f3n de la Obra P\u00fablica Federal, Ricardo Delgado, afirm\u00f3 que con el objetivo de estimular la inversi\u00f3n privada y profundizar la pol\u00edtica de vivienda social, se prev\u00e9n &#8220;construir 100.000 viviendas hacia fin de a\u00f1o&#8221; &nbsp; &nbsp; &nbsp; &nbsp; &#8220;El objetivo es estimular la inversi\u00f3n privada en la construcci\u00f3n de vivienda y profundizar la pol\u00edtica de vivienda social. El Procrear, a partir del traspaso al Ministerio del Interior, ya forma parte del plan integral de viviendas que conduce Rogelio Frigerio&#8221;, se\u00f1al\u00f3 Delgado en di\u00e1logo con Radio Milenium. &nbsp;&#8230;<\/p>\n","protected":false},"author":3,"featured_media":9052,"comment_status":"closed","ping_status":"closed","sticky":false,"template":"","format":"standard","meta":[],"categories":[18],"tags":[],"_links":{"self":[{"href":"https:\/\/www.actualidadadiario.com\/index.php\/wp-json\/wp\/v2\/posts\/9051"}],"collection":[{"href":"https:\/\/www.actualidadadiario.com\/index.php\/wp-json\/wp\/v2\/posts"}],"about":[{"href":"https:\/\/www.actualidadadiario.com\/index.php\/wp-json\/wp\/v2\/types\/post"}],"author":[{"embeddable":true,"href":"https:\/\/www.actualidadadiario.com\/index.php\/wp-json\/wp\/v2\/users\/3"}],"replies":[{"embeddable":true,"href":"https:\/\/www.actualidadadiario.com\/index.php\/wp-json\/wp\/v2\/comments?post=9051"}],"version-history":[{"count":1,"href":"https:\/\/www.actualidadadiario.com\/index.php\/wp-json\/wp\/v2\/posts\/9051\/revisions"}],"predecessor-version":[{"id":9053,"href":"https:\/\/www.actualidadadiario.com\/index.php\/wp-json\/wp\/v2\/posts\/9051\/revisions\/9053"}],"wp:featuredmedia":[{"embeddable":true,"href":"https:\/\/www.actualidadadiario.com\/index.php\/wp-json\/wp\/v2\/media\/9052"}],"wp:attachment":[{"href":"https:\/\/www.actualidadadiario.com\/index.php\/wp-json\/wp\/v2\/media?parent=9051"}],"wp:term":[{"taxonomy":"category","embeddable":true,"href":"https:\/\/www.actualidadadiario.com\/index.php\/wp-json\/wp\/v2\/categories?post=9051"},{"taxonomy":"post_tag","embeddable":true,"href":"https:\/\/www.actualidadadiario.com\/index.php\/wp-json\/wp\/v2\/tags?post=9051"}],"curies":[{"name":"wp","href":"https:\/\/api.w.org\/{rel}","templated":true}]}}