{"id":905,"date":"2016-09-12T09:50:21","date_gmt":"2016-09-12T12:50:21","guid":{"rendered":"http:\/\/actualidadadiario.com\/site\/?p=905"},"modified":"2016-09-12T09:50:21","modified_gmt":"2016-09-12T12:50:21","slug":"alerta-por-tormentas-y-granizo-para-una-zona-de-entre-rios-y-otras-provincias","status":"publish","type":"post","link":"https:\/\/www.actualidadadiario.com\/index.php\/2016\/09\/12\/alerta-por-tormentas-y-granizo-para-una-zona-de-entre-rios-y-otras-provincias\/","title":{"rendered":"Alerta por tormentas y granizo para una zona de Entre R\u00edos y otras provincias"},"content":{"rendered":"<p><strong><em>Se estima que hacia la tarde las tormentas &#8220;podr\u00edan alcanzar intensidad fuerte o severa, acompa\u00f1adas por ca\u00edda de granizo e intensas r\u00e1fagas, adem\u00e1s de lluvias fuertes en cortos periodos de tiempo y fuerte actividad el\u00e9ctrica&#8221;<\/em><\/strong><\/p>\n<p>&nbsp;<\/p>\n<p>&nbsp;<\/p>\n<p>El Servicio Meteorol\u00f3gico Nacional emiti\u00f3 esta madrugada un alerta por\u00a0tormentas fuertes o severas que abarca el sur de Entre R\u00edos, centro y norte de Buenos Aires, sudeste de C\u00f3rdoba, noreste de La Pampa, sur de Santa Fe, Capital Federal y R\u00edo de La Plata.<\/p>\n<p>De acuerdo con el parte, &#8220;se espera que se desarrollen chaparrones y tormentas aisladas en el \u00e1rea de cobertura a lo largo de la ma\u00f1ana del d\u00eda de hoy. Hacia el mediod\u00eda se estima una generalizaci\u00f3n e intensificaci\u00f3n de estas tormentas, avanzando de sudoeste a noreste&#8221;. Entre la tarde y la noche &#8220;algunas de ellas podr\u00edan alcanzar intensidad fuerte o severa, acompa\u00f1adas fundamentalmente por ca\u00edda de granizo e intensas r\u00e1fagas, adem\u00e1s de lluvias fuertes en cortos periodos de tiempo y fuerte actividad el\u00e9ctrica&#8221;.<\/p>\n<p>Los\u00a0fen\u00f3menos m\u00e1s significativos se esperan a partir de la tarde sobre el norte de la provincia de Buenos Aires, Ciudad Aut\u00f3noma de Buenos Aires, R\u00edo de La plata y sur de Entre R\u00edos.<\/p>\n<p>En el caso de\u00a0Paran\u00e1, se anuncia: &#8220;Cielo despejado o ligeramente nublado. Probabilidad de neblinas aisladas. Vientos leves del sector norte&#8221;, durante la ma\u00f1ana.<\/p>\n<p>Para la tarde se prev\u00e9 &#8220;cielo algo a parcialmente nublado. Tiempo desmejorando hacia la noche. Vientos leves o moderados del sector norte, con algunas r\u00e1fagas&#8221;.<\/p>\n","protected":false},"excerpt":{"rendered":"<p>Se estima que hacia la tarde las tormentas &#8220;podr\u00edan alcanzar intensidad fuerte o severa, acompa\u00f1adas por ca\u00edda de granizo e intensas r\u00e1fagas, adem\u00e1s de lluvias fuertes en cortos periodos de tiempo y fuerte actividad el\u00e9ctrica&#8221; &nbsp; &nbsp; El Servicio Meteorol\u00f3gico Nacional emiti\u00f3 esta madrugada un alerta por\u00a0tormentas fuertes o severas que abarca el sur de Entre R\u00edos, centro y norte de Buenos Aires, sudeste de C\u00f3rdoba, noreste de La Pampa, sur de Santa Fe, Capital Federal y R\u00edo de La Plata. De acuerdo con el parte, &#8220;se espera que se&#8230;<\/p>\n","protected":false},"author":3,"featured_media":906,"comment_status":"closed","ping_status":"closed","sticky":false,"template":"","format":"standard","meta":[],"categories":[9],"tags":[],"_links":{"self":[{"href":"https:\/\/www.actualidadadiario.com\/index.php\/wp-json\/wp\/v2\/posts\/905"}],"collection":[{"href":"https:\/\/www.actualidadadiario.com\/index.php\/wp-json\/wp\/v2\/posts"}],"about":[{"href":"https:\/\/www.actualidadadiario.com\/index.php\/wp-json\/wp\/v2\/types\/post"}],"author":[{"embeddable":true,"href":"https:\/\/www.actualidadadiario.com\/index.php\/wp-json\/wp\/v2\/users\/3"}],"replies":[{"embeddable":true,"href":"https:\/\/www.actualidadadiario.com\/index.php\/wp-json\/wp\/v2\/comments?post=905"}],"version-history":[{"count":1,"href":"https:\/\/www.actualidadadiario.com\/index.php\/wp-json\/wp\/v2\/posts\/905\/revisions"}],"predecessor-version":[{"id":907,"href":"https:\/\/www.actualidadadiario.com\/index.php\/wp-json\/wp\/v2\/posts\/905\/revisions\/907"}],"wp:featuredmedia":[{"embeddable":true,"href":"https:\/\/www.actualidadadiario.com\/index.php\/wp-json\/wp\/v2\/media\/906"}],"wp:attachment":[{"href":"https:\/\/www.actualidadadiario.com\/index.php\/wp-json\/wp\/v2\/media?parent=905"}],"wp:term":[{"taxonomy":"category","embeddable":true,"href":"https:\/\/www.actualidadadiario.com\/index.php\/wp-json\/wp\/v2\/categories?post=905"},{"taxonomy":"post_tag","embeddable":true,"href":"https:\/\/www.actualidadadiario.com\/index.php\/wp-json\/wp\/v2\/tags?post=905"}],"curies":[{"name":"wp","href":"https:\/\/api.w.org\/{rel}","templated":true}]}}