{"id":9048,"date":"2017-03-27T09:17:46","date_gmt":"2017-03-27T12:17:46","guid":{"rendered":"http:\/\/actualidadadiario.com\/site\/?p=9048"},"modified":"2017-03-27T09:17:46","modified_gmt":"2017-03-27T12:17:46","slug":"para-kicillof-la-candidatura-de-cristina-seria-muy-funcional-a-macri","status":"publish","type":"post","link":"https:\/\/www.actualidadadiario.com\/index.php\/2017\/03\/27\/para-kicillof-la-candidatura-de-cristina-seria-muy-funcional-a-macri\/","title":{"rendered":"Para Kicillof, la candidatura de Cristina ser\u00eda &#8220;muy funcional&#8221; a Macri"},"content":{"rendered":"<p><em><strong>El ex ministro de Econom\u00eda y actual diputado nacional Axel Kicillof sostuvo que una candidatura de la ex mandataria Cristina Kirchner le es &#8220;muy funcional&#8221; al Gobierno, y consider\u00f3 que la elecci\u00f3n de medio t\u00e9rmino debe ser para &#8220;plebiscitar&#8221; la gesti\u00f3n del presidente Mauricio Macri y no la de la l\u00edder del Frente para la Victoria<\/strong><\/em><\/p>\n<p>&nbsp;<\/p>\n<p>&nbsp;<\/p>\n<p>&nbsp;<\/p>\n<p>&nbsp;<\/p>\n<p>&#8220;Al Gobierno le resulta muy funcional que esta elecci\u00f3n se discuta en t\u00e9rminos de si gana Cristina o pierde Cristina. \u00bfEste es un plebiscito a Cristina Kirchner en 2017? Si Cristina termin\u00f3 de gobernar con un mill\u00f3n o medio mill\u00f3n en la plaza y se fue&#8230;Estamos plebiscitando a Macri&#8221;, recalc\u00f3 el dirigente kirchnerista, dando a entender que no es conveniente exponer a su jefa pol\u00edtica ya que podr\u00eda tergiversarse el sentido de esta elecci\u00f3n de medio t\u00e9rmino, que tiene que ver con evaluar el desempe\u00f1o del Gobierno de Cambiemos.<\/p>\n<p>&nbsp;<\/p>\n<p>En di\u00e1logo con radio Con Vos, Kicillof resalt\u00f3, en este sentido, que &#8220;una elecci\u00f3n de medio t\u00e9rmino es por definici\u00f3n y por historia un test del Gobierno&#8221;, por lo que pidi\u00f3 que el eje de la discusi\u00f3n electoral pase no por la imagen que la sociedad tiene de la expresidenta sino por el impacto de las medidas del actual Gobierno en la sociedad.<\/p>\n<p>&nbsp;<\/p>\n<p>&#8220;Esta elecci\u00f3n tiene que ser: \u201c\u00bfte gust\u00f3 el aumento tarifario que tuviste? Votalo porque ya te prometi\u00f3 que te va a aumentar m\u00e1s?\u201d\u00bfTe gust\u00f3 la devaluaci\u00f3n? Metele porque ya dijeron que la devaluaci\u00f3n viene despu\u00e9s de las elecciones\u00b4&#8221;, argument\u00f3 con iron\u00eda.<\/p>\n<p>&nbsp;<\/p>\n<p>No obstante, aclar\u00f3 que la decisi\u00f3n sobre una posible candidatura a senadora nacional de Cristina Kirchner &#8220;no est\u00e1 tomada&#8221;.<\/p>\n<p>&nbsp;<\/p>\n<p>Por otra parte, Kicillof cuestion\u00f3 a Macri por haberse &#8220;borrado&#8221; de los homenajes por el 24 de marzo al participar de una visita de Estado en Holanda, y apunt\u00f3 contra el Gobierno en general por el tratamiento que le viene dando a la causa de Derechos Humanos.<\/p>\n<p>&nbsp;<\/p>\n<p>&#8220;(El secretario de Derechos Humanos, Claudio) Avruj dice defender los Derechos humanos de los vivos. Le recuerdo que las Madres y las Abuelas est\u00e1n vivas&#8221;, sentenci\u00f3.<\/p>\n<p>&nbsp;<\/p>\n<p>En esta l\u00ednea, carg\u00f3 contra el intento de algunos sectores vinculados al Gobierno de minimizar la magnitud de la tragedia poniendo el duda el n\u00famero de desaparecidos que los organismos de Derechos Humanos calculan en 30.000.<\/p>\n<p>&nbsp;<\/p>\n<p>&#8220;Ser\u00eda dif\u00edcil que en la Alemania actual alguien vaya a negar el Holocausto o a discutir si hubo 6 millones de jud\u00edos muertos en el Holocausto. Sin embargo ac\u00e1 tenemos al gobierno de Macri poniendo en disputa si era una guerra sucia, si los Derechos Humanos son un curro, y esto revalidado por el bloque de diputados con el cartel&#8221;, se\u00f1al\u00f3 Kicillof, en referencia a la controvertida foto en la que diputados del interbloque Cambiemos aparecieron con la leyenda &#8220;Nunca m\u00e1s a los negocios con los Derechos Humanos&#8221;.<\/p>\n<p>&nbsp;<\/p>\n<p>Consultado por el nombramiento y la permanencia del exjefe del Ej\u00e9rcito C\u00e9sar Milani en el cargo, pese a las acusaciones de organismos de Derechos Humanos por presuntos cr\u00edmenes de lesa humanidad cometidos durante la \u00faltima dictadura militar, Kicillof destac\u00f3 que el caso est\u00e1 en la Justicia, y que si es hallado &#8220;responsable, habr\u00e1 sido un error&#8221; del kirchnerismo.<\/p>\n<p>&nbsp;<\/p>\n<p>No obstante, aclar\u00f3: &#8220;Hasta que se demuestre que Milani es culpable, Milani para m\u00ed es inocente&#8221;.<\/p>\n<p>&nbsp;<\/p>\n<p>En tanto, indic\u00f3 que &#8220;si se le prueban&#8221; los delitos, &#8220;el kirchnerismo no tiene nada que ver&#8221; dado que las &#8220;denuncias a Milani son posteriores al nombramiento&#8221;.<\/p>\n<p>&nbsp;<\/p>\n<p>&#8220;Milani ten\u00eda la particularidad de que los cr\u00edmenes de los que se le acusa no aparec\u00edan en el Nunca Mas ni en otros lugares. Es algo que hay que probarlo&#8221;, agreg\u00f3.<\/p>\n<p>&nbsp;<\/p>\n<p>&#8220;Uno tiene una posici\u00f3n sobre determinadas persona, de repente de se lo acusa y yo tengo la presunci\u00f3n de inocencia.<\/p>\n<p>&nbsp;<\/p>\n<p>Por supuesto que a medida que van a apareciendo elementos en sentido contrario, esa presunci\u00f3n de inocencia la va matizando&#8221;, reconoci\u00f3 el diputado del Frente para la Victoria.<\/p>\n","protected":false},"excerpt":{"rendered":"<p>El ex ministro de Econom\u00eda y actual diputado nacional Axel Kicillof sostuvo que una candidatura de la ex mandataria Cristina Kirchner le es &#8220;muy funcional&#8221; al Gobierno, y consider\u00f3 que la elecci\u00f3n de medio t\u00e9rmino debe ser para &#8220;plebiscitar&#8221; la gesti\u00f3n del presidente Mauricio Macri y no la de la l\u00edder del Frente para la Victoria &nbsp; &nbsp; &nbsp; &nbsp; &#8220;Al Gobierno le resulta muy funcional que esta elecci\u00f3n se discuta en t\u00e9rminos de si gana Cristina o pierde Cristina. \u00bfEste es un plebiscito a Cristina Kirchner en 2017? Si&#8230;<\/p>\n","protected":false},"author":3,"featured_media":9049,"comment_status":"closed","ping_status":"closed","sticky":false,"template":"","format":"standard","meta":[],"categories":[18],"tags":[],"_links":{"self":[{"href":"https:\/\/www.actualidadadiario.com\/index.php\/wp-json\/wp\/v2\/posts\/9048"}],"collection":[{"href":"https:\/\/www.actualidadadiario.com\/index.php\/wp-json\/wp\/v2\/posts"}],"about":[{"href":"https:\/\/www.actualidadadiario.com\/index.php\/wp-json\/wp\/v2\/types\/post"}],"author":[{"embeddable":true,"href":"https:\/\/www.actualidadadiario.com\/index.php\/wp-json\/wp\/v2\/users\/3"}],"replies":[{"embeddable":true,"href":"https:\/\/www.actualidadadiario.com\/index.php\/wp-json\/wp\/v2\/comments?post=9048"}],"version-history":[{"count":1,"href":"https:\/\/www.actualidadadiario.com\/index.php\/wp-json\/wp\/v2\/posts\/9048\/revisions"}],"predecessor-version":[{"id":9050,"href":"https:\/\/www.actualidadadiario.com\/index.php\/wp-json\/wp\/v2\/posts\/9048\/revisions\/9050"}],"wp:featuredmedia":[{"embeddable":true,"href":"https:\/\/www.actualidadadiario.com\/index.php\/wp-json\/wp\/v2\/media\/9049"}],"wp:attachment":[{"href":"https:\/\/www.actualidadadiario.com\/index.php\/wp-json\/wp\/v2\/media?parent=9048"}],"wp:term":[{"taxonomy":"category","embeddable":true,"href":"https:\/\/www.actualidadadiario.com\/index.php\/wp-json\/wp\/v2\/categories?post=9048"},{"taxonomy":"post_tag","embeddable":true,"href":"https:\/\/www.actualidadadiario.com\/index.php\/wp-json\/wp\/v2\/tags?post=9048"}],"curies":[{"name":"wp","href":"https:\/\/api.w.org\/{rel}","templated":true}]}}