{"id":9045,"date":"2017-03-27T09:16:46","date_gmt":"2017-03-27T12:16:46","guid":{"rendered":"http:\/\/actualidadadiario.com\/site\/?p=9045"},"modified":"2017-03-27T09:16:46","modified_gmt":"2017-03-27T12:16:46","slug":"pena-sostuvo-que-mes-a-mes-se-va-a-empezar-a-ver-una-recuperacion-del-salario-real","status":"publish","type":"post","link":"https:\/\/www.actualidadadiario.com\/index.php\/2017\/03\/27\/pena-sostuvo-que-mes-a-mes-se-va-a-empezar-a-ver-una-recuperacion-del-salario-real\/","title":{"rendered":"Pe\u00f1a sostuvo que &#8220;mes a mes&#8221; se va a empezar a ver una &#8220;recuperaci\u00f3n&#8221; del salario real"},"content":{"rendered":"<p><em><strong>El jefe de Gabinete, Marcos Pe\u00f1a, asegur\u00f3 este domingo que la reactivaci\u00f3n econ\u00f3mica se ir\u00e1 sintiendo &#8220;mes a mes&#8221; con diferencias seg\u00fan cada regi\u00f3n del pa\u00eds y dependiendo de cada actividad, al tiempo que remarc\u00f3 que va a empezar a ver una &#8220;recuperaci\u00f3n&#8221; del salario real<\/strong><\/em><\/p>\n<p>&nbsp;<\/p>\n<p>&nbsp;<\/p>\n<p>&nbsp;<\/p>\n<p>&nbsp;<\/p>\n<p>&nbsp;<\/p>\n<p>&#8220;Ya lo m\u00e1s grueso del tema tarifario ya fue hecho, las paritarias ya le empiezan a ganar, mes a mes, a la inflaci\u00f3n y eso se va a ir sintiendo. Depende del lugar del pa\u00eds tambi\u00e9n&#8221;, dijo el funcionario en declaraciones a Radio Mitre.<\/p>\n<p>&nbsp;<\/p>\n<p>&#8220;Lo importante es el proceso. El segundo semestre, lo dijimos, iba a bajar la inflaci\u00f3n y baj\u00f3&#8221;, expres\u00f3 el funcionario al destacar la desaceleraci\u00f3n de precios en el \u00faltimo trimestre del a\u00f1o pasado, que se cort\u00f3 en febrero por el ajuste de tarifas. Seg\u00fan afirm\u00f3 el jefe de los ministros, hace m\u00e1s de siete meses que se viene generando trabajo en la Argentina, pero aclar\u00f3 que nadie pasa &#8220;de terapia intensiva a correr una marat\u00f3n de un d\u00eda para el otro&#8221;.<\/p>\n<p>&nbsp;<\/p>\n<p>&#8220;Para mucho de los sectores asalariados de la Argentina, de clase media, va a empezar a verse, mes a mes, una recuperaci\u00f3n del salario real&#8221;, insisti\u00f3 el funcionario de la alianza Cambiemos. Tambi\u00e9n destac\u00f3 que el Gobierno no tiene &#8220;ninguna duda&#8221; de que este a\u00f1o la econom\u00eda terminar\u00e1 en crecimiento e indic\u00f3 que as\u00ed tambi\u00e9n lo afirman &#8220;todos los economistas&#8221;, incluso los que no coinciden con el plan econ\u00f3mico del macrismo.<\/p>\n<p>&nbsp;<\/p>\n<p>&#8220;Entendemos la ansiedad de aquellas familias a las que les cuesta llegar a fin de mes y estamos trabajando pero ac\u00e1 no hay un atajo&#8221;, expres\u00f3 el jefe de Gabinete, quien se mostr\u00f3 molesto con los empresarios que no colaboran con la inversi\u00f3n y la baja de la inflaci\u00f3n.<\/p>\n<p>&nbsp;<\/p>\n<p>Pe\u00f1a dijo que &#8220;hay sectores empresariales a los que le ha ido muy bien con el kirchnerismo, con la no competencia, con la carterizaci\u00f3n, con el poder poner el precio que quer\u00edan. Bueno, eso es parte de lo que queremos cambiar, no s\u00e9 si pidiendo que se pongan la escarapela pero s\u00ed trabajando desde el Estado para promover la competencia&#8221;.<\/p>\n<p>&nbsp;<\/p>\n<p>En otro orden, el jefe de Gabinete pidi\u00f3 un peronismo &#8220;democr\u00e1tico&#8221; y con &#8220;m\u00e1s humildad&#8221; para reconocer sus errores y opin\u00f3 que en algunas consignas de la marcha del 24 de marzo hubo &#8220;muchos mensajes contrarios a la idea de la defensa de la democracia&#8221;.<\/p>\n<p>&nbsp;<\/p>\n<p>A prop\u00f3sito de una eventual candidatura de Florencio Randazzo, el funcionario dijo que no ten\u00eda una opini\u00f3n particular sobre \u00e9l, y que lo consideraba &#8220;un dirigente m\u00e1s del peronismo y del kirchnerismo&#8221;. Y se\u00f1al\u00f3 que &#8220;ser\u00eda interesante escucharles alguna autocr\u00edtica&#8221; a los referentes de ese partido. &#8220;Todav\u00eda no asumen un rol de poder decir qu\u00e9 hicimos mal, qu\u00e9 aprendimos, por qu\u00e9 dejamos un pa\u00eds con esta pobreza, este fracaso educativo, esta falta de infraestructura&#8221;, se quej\u00f3 Pe\u00f1a que agreg\u00f3 que &#8220;necesitamos un peronismo democr\u00e1tico, con m\u00e1s humildad&#8221;.<\/p>\n<p>&nbsp;<\/p>\n<p>Sobre la marcha del 24 de marzo, el funcionario consider\u00f3 que hubo &#8220;muchos mensajes contrarios a la idea de la defensa de la democracia&#8221;. El jefe de Gabinete afirm\u00f3 que hace tiempo que &#8220;los actos centrales son organizados por fuerzas pol\u00edticas, dando una discusi\u00f3n de car\u00e1cter partidaria&#8221;. Y en ese contexto el Gobierno viene optando por &#8220;un camino respetuoso y de continuidad de las pol\u00edtica de memoria, verdad y justicia&#8221;, pero sin asistencia a las marchas.<\/p>\n<p>&nbsp;<\/p>\n<p>Asimismo, sostuvo que esta gesti\u00f3n puso &#8220;la realidad sobre la mesa despu\u00e9s de a\u00f1os de mentiras&#8221; y se mostr\u00f3 confiado en ir &#8220;desterrando la cultura de la inflaci\u00f3n, que es el impuesto de los pobres&#8221;. &#8220;No hay una decisi\u00f3n de frenar el consumo o de provocar recesi\u00f3n&#8221;, asegur\u00f3 Pe\u00f1a, que indic\u00f3 que las dificultades econ\u00f3micas de los primeros meses se debieron a &#8220;una econom\u00eda todav\u00eda muy da\u00f1ada&#8221;.<\/p>\n<p>&nbsp;<\/p>\n<p>En materia empresaria, expres\u00f3 que hay empresarios &#8220;a los que les ha ido muy bien con la cartelizaci\u00f3n y la no competencia&#8221; y se resisten a tener una econom\u00eda m\u00e1s sana. &#8220;No pas\u00e1s de terapia intensiva a correr una marat\u00f3n de un d\u00eda para el otro&#8221;, concluy\u00f3 Pe\u00f1a.<\/p>\n","protected":false},"excerpt":{"rendered":"<p>El jefe de Gabinete, Marcos Pe\u00f1a, asegur\u00f3 este domingo que la reactivaci\u00f3n econ\u00f3mica se ir\u00e1 sintiendo &#8220;mes a mes&#8221; con diferencias seg\u00fan cada regi\u00f3n del pa\u00eds y dependiendo de cada actividad, al tiempo que remarc\u00f3 que va a empezar a ver una &#8220;recuperaci\u00f3n&#8221; del salario real &nbsp; &nbsp; &nbsp; &nbsp; &nbsp; &#8220;Ya lo m\u00e1s grueso del tema tarifario ya fue hecho, las paritarias ya le empiezan a ganar, mes a mes, a la inflaci\u00f3n y eso se va a ir sintiendo. Depende del lugar del pa\u00eds tambi\u00e9n&#8221;, dijo el funcionario&#8230;<\/p>\n","protected":false},"author":3,"featured_media":9046,"comment_status":"closed","ping_status":"closed","sticky":false,"template":"","format":"standard","meta":[],"categories":[18],"tags":[],"_links":{"self":[{"href":"https:\/\/www.actualidadadiario.com\/index.php\/wp-json\/wp\/v2\/posts\/9045"}],"collection":[{"href":"https:\/\/www.actualidadadiario.com\/index.php\/wp-json\/wp\/v2\/posts"}],"about":[{"href":"https:\/\/www.actualidadadiario.com\/index.php\/wp-json\/wp\/v2\/types\/post"}],"author":[{"embeddable":true,"href":"https:\/\/www.actualidadadiario.com\/index.php\/wp-json\/wp\/v2\/users\/3"}],"replies":[{"embeddable":true,"href":"https:\/\/www.actualidadadiario.com\/index.php\/wp-json\/wp\/v2\/comments?post=9045"}],"version-history":[{"count":1,"href":"https:\/\/www.actualidadadiario.com\/index.php\/wp-json\/wp\/v2\/posts\/9045\/revisions"}],"predecessor-version":[{"id":9047,"href":"https:\/\/www.actualidadadiario.com\/index.php\/wp-json\/wp\/v2\/posts\/9045\/revisions\/9047"}],"wp:featuredmedia":[{"embeddable":true,"href":"https:\/\/www.actualidadadiario.com\/index.php\/wp-json\/wp\/v2\/media\/9046"}],"wp:attachment":[{"href":"https:\/\/www.actualidadadiario.com\/index.php\/wp-json\/wp\/v2\/media?parent=9045"}],"wp:term":[{"taxonomy":"category","embeddable":true,"href":"https:\/\/www.actualidadadiario.com\/index.php\/wp-json\/wp\/v2\/categories?post=9045"},{"taxonomy":"post_tag","embeddable":true,"href":"https:\/\/www.actualidadadiario.com\/index.php\/wp-json\/wp\/v2\/tags?post=9045"}],"curies":[{"name":"wp","href":"https:\/\/api.w.org\/{rel}","templated":true}]}}