{"id":9042,"date":"2017-03-27T09:14:40","date_gmt":"2017-03-27T12:14:40","guid":{"rendered":"http:\/\/actualidadadiario.com\/site\/?p=9042"},"modified":"2017-03-27T09:14:40","modified_gmt":"2017-03-27T12:14:40","slug":"autorizan-a-dos-empresas-provinciales-a-actuar-como-generadores-de-electricidad","status":"publish","type":"post","link":"https:\/\/www.actualidadadiario.com\/index.php\/2017\/03\/27\/autorizan-a-dos-empresas-provinciales-a-actuar-como-generadores-de-electricidad\/","title":{"rendered":"Autorizan a dos empresas provinciales a actuar como generadores de electricidad"},"content":{"rendered":"<p><em><strong>Como parte de la pol\u00edtica energ\u00e9tica, el gobierno nacional habilit\u00f3 a dos empresas provinciales, una estatal de San Juan y otra privada de Salta, a actuar como agentes generadores del Mercado El\u00e9ctrico Mayorista (MEM), que suman en conjunto 76,48 megavatios de potencia instalada<\/strong><\/em><\/p>\n<p>&nbsp;<\/p>\n<p>&nbsp;<\/p>\n<p>&nbsp;<\/p>\n<p>&nbsp;<\/p>\n<p>A trav\u00e9s de la Resoluci\u00f3n 188-E\/2017 del Ministerio de Energ\u00eda publicada hoy en el Bolet\u00edn Oficial, se autoriz\u00f3 el ingreso como agente generador del MEM a Energ\u00eda Provincial Sociedad del Estado (EPSE) para su central hidroel\u00e9ctrica de 63,28 MW de potencia nominal instalada, denominada Punta Negra, ubicada en el kil\u00f3metro 35 de la Ruta Provincial 12, en San Juan.<\/p>\n<p>&nbsp;<\/p>\n<p>La central se encuentra en el l\u00edmite de los Departamentos de Ullum y Zonda, a 19 kil\u00f3metros aguas abajo de la hidroel\u00e9ctrica Los Caracoles, vinculada al Sistema Argentino de Interconexi\u00f3n (SADI) mediante instalaciones en 132 kilovoltios pertenecientes a la Empresa Distribuidora Energ\u00eda San Juan.<\/p>\n<p>&nbsp;<\/p>\n<p>En la Resoluci\u00f3n 189-E\/2017, se hizo lo propio con la firma Industrias Juan F. Secco Sociedad An\u00f3nima, para su Central T\u00e9rmica Or\u00e1n de 15 MW de potencia, instalada en la localidad de San Ram\u00f3n de la Nueva Or\u00e1n, Salta, y vinculada al MEM a trav\u00e9s de la barra de 13,2 kV de la Estaci\u00f3n Transformadora Or\u00e1n, jurisdicci\u00f3n de la Empresa Distribuidora de Electricidad de Salta (Edesa).<\/p>\n<p>&nbsp;<\/p>\n<p>Asimismo, el Ministerio de Energ\u00eda estableci\u00f3 que Secco &#8220;deber\u00e1 verificar simult\u00e1neamente los controles de emisiones por chimenea el cumplimiento de la normativa emitida por la Autoridad Provincial competente en lo que respecta a la calidad de aire atmosf\u00e9rico, verificando los valores obtenidos mediante la aplicaci\u00f3n de los modelos de dispersi\u00f3n implementados en la correspondiente Evaluaci\u00f3n del Impacto Ambiental y las determinaciones efectuadas&#8221;.<\/p>\n<p>&nbsp;<\/p>\n<p>Por otra parte, la cartera que conduce Juan Jos\u00e9 Aranguren inform\u00f3 que la firma Central Bioel\u00e9ctrica asumi\u00f3 la titularidad de las instalaciones de la Central Bioel\u00e9crica R\u00edo Cuarto, ubicada en la provincia de C\u00f3rdoba.<\/p>\n<p>&nbsp;<\/p>\n<p>Esta central se encuentra incorporada al MEM como agente generador, en tanto que solicit\u00f3 su habilitaci\u00f3n para seguir actuando en el mismo car\u00e1cter y bajo las mismas condiciones que el anterior titular, Biomass Crop.<\/p>\n","protected":false},"excerpt":{"rendered":"<p>Como parte de la pol\u00edtica energ\u00e9tica, el gobierno nacional habilit\u00f3 a dos empresas provinciales, una estatal de San Juan y otra privada de Salta, a actuar como agentes generadores del Mercado El\u00e9ctrico Mayorista (MEM), que suman en conjunto 76,48 megavatios de potencia instalada &nbsp; &nbsp; &nbsp; &nbsp; A trav\u00e9s de la Resoluci\u00f3n 188-E\/2017 del Ministerio de Energ\u00eda publicada hoy en el Bolet\u00edn Oficial, se autoriz\u00f3 el ingreso como agente generador del MEM a Energ\u00eda Provincial Sociedad del Estado (EPSE) para su central hidroel\u00e9ctrica de 63,28 MW de potencia nominal instalada,&#8230;<\/p>\n","protected":false},"author":3,"featured_media":9043,"comment_status":"closed","ping_status":"closed","sticky":false,"template":"","format":"standard","meta":[],"categories":[2],"tags":[],"_links":{"self":[{"href":"https:\/\/www.actualidadadiario.com\/index.php\/wp-json\/wp\/v2\/posts\/9042"}],"collection":[{"href":"https:\/\/www.actualidadadiario.com\/index.php\/wp-json\/wp\/v2\/posts"}],"about":[{"href":"https:\/\/www.actualidadadiario.com\/index.php\/wp-json\/wp\/v2\/types\/post"}],"author":[{"embeddable":true,"href":"https:\/\/www.actualidadadiario.com\/index.php\/wp-json\/wp\/v2\/users\/3"}],"replies":[{"embeddable":true,"href":"https:\/\/www.actualidadadiario.com\/index.php\/wp-json\/wp\/v2\/comments?post=9042"}],"version-history":[{"count":1,"href":"https:\/\/www.actualidadadiario.com\/index.php\/wp-json\/wp\/v2\/posts\/9042\/revisions"}],"predecessor-version":[{"id":9044,"href":"https:\/\/www.actualidadadiario.com\/index.php\/wp-json\/wp\/v2\/posts\/9042\/revisions\/9044"}],"wp:featuredmedia":[{"embeddable":true,"href":"https:\/\/www.actualidadadiario.com\/index.php\/wp-json\/wp\/v2\/media\/9043"}],"wp:attachment":[{"href":"https:\/\/www.actualidadadiario.com\/index.php\/wp-json\/wp\/v2\/media?parent=9042"}],"wp:term":[{"taxonomy":"category","embeddable":true,"href":"https:\/\/www.actualidadadiario.com\/index.php\/wp-json\/wp\/v2\/categories?post=9042"},{"taxonomy":"post_tag","embeddable":true,"href":"https:\/\/www.actualidadadiario.com\/index.php\/wp-json\/wp\/v2\/tags?post=9042"}],"curies":[{"name":"wp","href":"https:\/\/api.w.org\/{rel}","templated":true}]}}