{"id":9033,"date":"2017-03-27T09:12:10","date_gmt":"2017-03-27T12:12:10","guid":{"rendered":"http:\/\/actualidadadiario.com\/site\/?p=9033"},"modified":"2017-03-27T09:12:10","modified_gmt":"2017-03-27T12:12:10","slug":"gobierno-de-santa-fe-advierte-que-despidos-en-sancor-seran-mas-de-1-000","status":"publish","type":"post","link":"https:\/\/www.actualidadadiario.com\/index.php\/2017\/03\/27\/gobierno-de-santa-fe-advierte-que-despidos-en-sancor-seran-mas-de-1-000\/","title":{"rendered":"Gobierno de Santa Fe advierte que despidos en SanCor &#8220;ser\u00e1n m\u00e1s de 1.000&#8221;"},"content":{"rendered":"<p><em><strong>El Gobierno de Santa Fe advirti\u00f3 que los despidos en SanCor ser\u00e1n m\u00e1s de 1.000, en medio de la crisis de la cooperativa l\u00e1ctea. El secretario de Lecher\u00eda de Santa Fe, Pedro Morini dijo a medios locales que &#8220;los \u00faltimos datos hablan de m\u00e1s de mil puestos de trabajo&#8221;<\/strong><\/em><\/p>\n<p>&nbsp;<\/p>\n<p>&nbsp;<\/p>\n<p>&nbsp;<\/p>\n<p>&nbsp;<\/p>\n<p>&#8220;Van a tener que achicar gente porque la ecuaci\u00f3n de empleados es para una empresa que tiene que elaborar 5 millones de litros y hoy est\u00e1 produciendo 1,6 millones de litros&#8221;, asegur\u00f3 el funcionario. Al mismo tiempo, a\u00f1adi\u00f3 que estos despidos &#8220;no van a estar concentrados en un solo lugar, no es una empresa como General Motors que est\u00e1 todo concentrado en una sola ciudad, esto debe estar distribuido por lo menos en 30 puntos distintos&#8221;.<\/p>\n<p>&nbsp;<\/p>\n<p>Morini sentenci\u00f3 que &#8220;si esto no se da, la empresa va a tener que cerrar; ya se dio que muchas plantas se tecnificaron y otras de localidades cercanas debieron cerrar&#8221;.<\/p>\n<p>&nbsp;<\/p>\n<p>Respecto a la planta ubicada en la ciudad de Centeno, mencion\u00f3 que esa sede &#8220;tiene una alternativa que es un inversor privado, mientras esa alternativa est\u00e9 vigente nosotros no vamos a intervenir&#8221;. Sin embargo, aclar\u00f3: &#8220;Obvio que vamos a evaluar las condiciones de los nuevos due\u00f1os, como por ejemplo si toman a todos los empleados o solo una parte&#8221;.<\/p>\n<p>&nbsp;<\/p>\n<p>Finalmente, el secretario prometi\u00f3 que el gobierno provincial acompa\u00f1ar\u00e1 a los afectados: &#8220;Nosotros no vamos a estar ausentes, que la gente se quede tranquila en ese sentido; evaluamos la posibilidad de conformar una cooperativa con empleados despedidos y productores&#8221;.<\/p>\n","protected":false},"excerpt":{"rendered":"<p>El Gobierno de Santa Fe advirti\u00f3 que los despidos en SanCor ser\u00e1n m\u00e1s de 1.000, en medio de la crisis de la cooperativa l\u00e1ctea. El secretario de Lecher\u00eda de Santa Fe, Pedro Morini dijo a medios locales que &#8220;los \u00faltimos datos hablan de m\u00e1s de mil puestos de trabajo&#8221; &nbsp; &nbsp; &nbsp; &nbsp; &#8220;Van a tener que achicar gente porque la ecuaci\u00f3n de empleados es para una empresa que tiene que elaborar 5 millones de litros y hoy est\u00e1 produciendo 1,6 millones de litros&#8221;, asegur\u00f3 el funcionario. Al mismo tiempo,&#8230;<\/p>\n","protected":false},"author":3,"featured_media":9034,"comment_status":"closed","ping_status":"closed","sticky":false,"template":"","format":"standard","meta":[],"categories":[9,2],"tags":[],"_links":{"self":[{"href":"https:\/\/www.actualidadadiario.com\/index.php\/wp-json\/wp\/v2\/posts\/9033"}],"collection":[{"href":"https:\/\/www.actualidadadiario.com\/index.php\/wp-json\/wp\/v2\/posts"}],"about":[{"href":"https:\/\/www.actualidadadiario.com\/index.php\/wp-json\/wp\/v2\/types\/post"}],"author":[{"embeddable":true,"href":"https:\/\/www.actualidadadiario.com\/index.php\/wp-json\/wp\/v2\/users\/3"}],"replies":[{"embeddable":true,"href":"https:\/\/www.actualidadadiario.com\/index.php\/wp-json\/wp\/v2\/comments?post=9033"}],"version-history":[{"count":1,"href":"https:\/\/www.actualidadadiario.com\/index.php\/wp-json\/wp\/v2\/posts\/9033\/revisions"}],"predecessor-version":[{"id":9035,"href":"https:\/\/www.actualidadadiario.com\/index.php\/wp-json\/wp\/v2\/posts\/9033\/revisions\/9035"}],"wp:featuredmedia":[{"embeddable":true,"href":"https:\/\/www.actualidadadiario.com\/index.php\/wp-json\/wp\/v2\/media\/9034"}],"wp:attachment":[{"href":"https:\/\/www.actualidadadiario.com\/index.php\/wp-json\/wp\/v2\/media?parent=9033"}],"wp:term":[{"taxonomy":"category","embeddable":true,"href":"https:\/\/www.actualidadadiario.com\/index.php\/wp-json\/wp\/v2\/categories?post=9033"},{"taxonomy":"post_tag","embeddable":true,"href":"https:\/\/www.actualidadadiario.com\/index.php\/wp-json\/wp\/v2\/tags?post=9033"}],"curies":[{"name":"wp","href":"https:\/\/api.w.org\/{rel}","templated":true}]}}