{"id":9024,"date":"2017-03-27T09:09:12","date_gmt":"2017-03-27T12:09:12","guid":{"rendered":"http:\/\/actualidadadiario.com\/site\/?p=9024"},"modified":"2017-03-27T09:09:12","modified_gmt":"2017-03-27T12:09:12","slug":"entre-rios-fue-uno-de-los-destinos-mas-elegidos-por-los-turistas","status":"publish","type":"post","link":"https:\/\/www.actualidadadiario.com\/index.php\/2017\/03\/27\/entre-rios-fue-uno-de-los-destinos-mas-elegidos-por-los-turistas\/","title":{"rendered":"Entre R\u00edos fue uno de los destinos m\u00e1s elegidos por los turistas"},"content":{"rendered":"<p><em><strong>Con las termas y la Fiesta Nacional de la Apicultura como principales atractivos, Entre R\u00edos alcanz\u00f3 un 70 por ciento de ocupaci\u00f3n hotelera este fin de semana, lo cual indica que se ubica entre los destinos m\u00e1s elegidos por los turistas de todo el pa\u00eds. El dato fue arrojado por el ministerio de Turismo de la provincia al cierre del fin de semana largo<\/strong><\/em><\/p>\n<p>&nbsp;<\/p>\n<p>&nbsp;<\/p>\n<p>&nbsp;<\/p>\n<p>&nbsp;<\/p>\n<p>Si bien a nivel nacional el primer fin de semana largo despu\u00e9s de las vacaciones no se caracteriz\u00f3 por un gran movimiento tur\u00edstico, Entre R\u00edos alcanz\u00f3 entre el viernes y domingo casi el 70 por ciento de ocupaci\u00f3n hotelera, lo que lo coloc\u00f3 entre los destinos m\u00e1s elegidos por los turistas.<\/p>\n<p>&nbsp;<\/p>\n<p>Seg\u00fan las cifras difundidas a nivel nacional, el movimiento tur\u00edstico fue moderado durante estos d\u00edas. De hecho, la mayor parte de los an\u00e1lisis coincid\u00edan en que los viajeros hab\u00edan preferido prorrogar sus \u201cminivacaciones\u201d para Semana Santa, que ser\u00e1 dentro de apenas dos semanas y que incluir\u00e1 m\u00e1s d\u00edas feriados. Las cifras conocidas hasta el momento indicaban que la ocupaci\u00f3n en los principales destinos argentinos apenas rozaba el 50 por ciento.<\/p>\n<p>&nbsp;<\/p>\n<p>En el caso de Entre R\u00edos, las termas fueron el producto m\u00e1s elegidos por los visitantes, seg\u00fan el relevamiento efectuado desde el Ministerio de Turismo provincial. De hecho, en una de las ciudades \u201ctermales\u201d entrerrianas la ocupaci\u00f3n lleg\u00f3 al 93 por ciento.<\/p>\n<p>&nbsp;<\/p>\n<p>En tanto, tambi\u00e9n se registr\u00f3 un movimiento importante en la zona central de la provincia, generado por la realizaci\u00f3n de la Fiesta Nacional de la Apicultura, que se desarrolla desde el viernes y hasta hoy en Maci\u00e1. All\u00ed, en la noche del s\u00e1bado m\u00e1s de 15 mil personas llenaron el predio para recorrer los stands y presenciar el recital de Pimpinela, mientras que hoy se esperaba una asistencia a\u00fan mayor por la actuaci\u00f3n de Axel.<\/p>\n<p>&nbsp;<\/p>\n<p>All\u00ed, la provincia estuvo presente con su cami\u00f3n de promoci\u00f3n, donde muchos municipios pudieron difundir sus atractivos y distribuir folleter\u00eda.<\/p>\n","protected":false},"excerpt":{"rendered":"<p>Con las termas y la Fiesta Nacional de la Apicultura como principales atractivos, Entre R\u00edos alcanz\u00f3 un 70 por ciento de ocupaci\u00f3n hotelera este fin de semana, lo cual indica que se ubica entre los destinos m\u00e1s elegidos por los turistas de todo el pa\u00eds. El dato fue arrojado por el ministerio de Turismo de la provincia al cierre del fin de semana largo &nbsp; &nbsp; &nbsp; &nbsp; Si bien a nivel nacional el primer fin de semana largo despu\u00e9s de las vacaciones no se caracteriz\u00f3 por un gran movimiento&#8230;<\/p>\n","protected":false},"author":3,"featured_media":9025,"comment_status":"closed","ping_status":"closed","sticky":false,"template":"","format":"standard","meta":[],"categories":[9,15],"tags":[],"_links":{"self":[{"href":"https:\/\/www.actualidadadiario.com\/index.php\/wp-json\/wp\/v2\/posts\/9024"}],"collection":[{"href":"https:\/\/www.actualidadadiario.com\/index.php\/wp-json\/wp\/v2\/posts"}],"about":[{"href":"https:\/\/www.actualidadadiario.com\/index.php\/wp-json\/wp\/v2\/types\/post"}],"author":[{"embeddable":true,"href":"https:\/\/www.actualidadadiario.com\/index.php\/wp-json\/wp\/v2\/users\/3"}],"replies":[{"embeddable":true,"href":"https:\/\/www.actualidadadiario.com\/index.php\/wp-json\/wp\/v2\/comments?post=9024"}],"version-history":[{"count":1,"href":"https:\/\/www.actualidadadiario.com\/index.php\/wp-json\/wp\/v2\/posts\/9024\/revisions"}],"predecessor-version":[{"id":9026,"href":"https:\/\/www.actualidadadiario.com\/index.php\/wp-json\/wp\/v2\/posts\/9024\/revisions\/9026"}],"wp:featuredmedia":[{"embeddable":true,"href":"https:\/\/www.actualidadadiario.com\/index.php\/wp-json\/wp\/v2\/media\/9025"}],"wp:attachment":[{"href":"https:\/\/www.actualidadadiario.com\/index.php\/wp-json\/wp\/v2\/media?parent=9024"}],"wp:term":[{"taxonomy":"category","embeddable":true,"href":"https:\/\/www.actualidadadiario.com\/index.php\/wp-json\/wp\/v2\/categories?post=9024"},{"taxonomy":"post_tag","embeddable":true,"href":"https:\/\/www.actualidadadiario.com\/index.php\/wp-json\/wp\/v2\/tags?post=9024"}],"curies":[{"name":"wp","href":"https:\/\/api.w.org\/{rel}","templated":true}]}}