{"id":9021,"date":"2017-03-27T09:07:59","date_gmt":"2017-03-27T12:07:59","guid":{"rendered":"http:\/\/actualidadadiario.com\/site\/?p=9021"},"modified":"2017-03-27T09:07:59","modified_gmt":"2017-03-27T12:07:59","slug":"entre-rios-conforma-el-consejo-asesor-federal-sobre-formacion-y-capacitacion-policial","status":"publish","type":"post","link":"https:\/\/www.actualidadadiario.com\/index.php\/2017\/03\/27\/entre-rios-conforma-el-consejo-asesor-federal-sobre-formacion-y-capacitacion-policial\/","title":{"rendered":"Entre R\u00edos conforma el Consejo Asesor Federal sobre Formaci\u00f3n y Capacitaci\u00f3n Policial"},"content":{"rendered":"<p><em><strong>Con el objetivo de unificar el plan de capacitaci\u00f3n y formaci\u00f3n de los agentes policiales en todo el pa\u00eds, el gobierno nacional convoc\u00f3 a las provincias a participar del Consejo Asesor Federal sobre Formaci\u00f3n y Capacitaci\u00f3n Policial. Entre R\u00edos expuso el trabajo y los avances realizados en la materia<\/strong><\/em><\/p>\n<p>&nbsp;<\/p>\n<p>&nbsp;<\/p>\n<p>&nbsp;<\/p>\n<p>&nbsp;<\/p>\n<p>El encuentro, moderado por la directora Nacional de Capacitaci\u00f3n y Formaci\u00f3n, Alejandra Adorno, estuvo destinado a responsables pol\u00edticos y t\u00e9cnicos de la formaci\u00f3n policial de las jurisdicciones provinciales, y se trabaj\u00f3 en un reglamento interno para la conformaci\u00f3n del Consejo.<\/p>\n<p>&nbsp;<\/p>\n<p>El gobierno provincial, a trav\u00e9s de la Direcci\u00f3n de Institutos Policiales, particip\u00f3 de la jornada y comparti\u00f3 la experiencia que se viene desarrollando en materia de educaci\u00f3n policial.<\/p>\n<p>&nbsp;<\/p>\n<p>\u201cUnificamos criterios en cuanto a la formaci\u00f3n de los agentes de calle y la duraci\u00f3n que deben tener los cursos de capacitaci\u00f3n. En la provincia tenemos una educaci\u00f3n muy positiva para los agentes y eso fue destacado en el Consejo\u201d, manifest\u00f3 el director de Institutos Policiales, Sergio Rebolloso.<\/p>\n<p>&nbsp;<\/p>\n<p>Asimismo, afirm\u00f3 que el Consejo ser\u00e1 de permanente funcionamiento y se trabajar\u00e1 en los procedimientos espec\u00edficos de la polic\u00eda. \u201cPor el momento estamos elaborando un Plan de estudio para los agentes de calle pero la idea es, durante el a\u00f1o, poder trabajar tambi\u00e9n sobre la formaci\u00f3n de los oficiales de polic\u00eda\u201d.<\/p>\n<p>&nbsp;<\/p>\n<p>La pr\u00f3xima reuni\u00f3n del Consejo Asesor Federal sobre Formaci\u00f3n y Capacitaci\u00f3n Policial, se desarrollar\u00e1 en la ciudad de Buenos Aires el 25 de abril.<\/p>\n","protected":false},"excerpt":{"rendered":"<p>Con el objetivo de unificar el plan de capacitaci\u00f3n y formaci\u00f3n de los agentes policiales en todo el pa\u00eds, el gobierno nacional convoc\u00f3 a las provincias a participar del Consejo Asesor Federal sobre Formaci\u00f3n y Capacitaci\u00f3n Policial. Entre R\u00edos expuso el trabajo y los avances realizados en la materia &nbsp; &nbsp; &nbsp; &nbsp; El encuentro, moderado por la directora Nacional de Capacitaci\u00f3n y Formaci\u00f3n, Alejandra Adorno, estuvo destinado a responsables pol\u00edticos y t\u00e9cnicos de la formaci\u00f3n policial de las jurisdicciones provinciales, y se trabaj\u00f3 en un reglamento interno para la&#8230;<\/p>\n","protected":false},"author":3,"featured_media":9022,"comment_status":"closed","ping_status":"closed","sticky":false,"template":"","format":"standard","meta":[],"categories":[15],"tags":[],"_links":{"self":[{"href":"https:\/\/www.actualidadadiario.com\/index.php\/wp-json\/wp\/v2\/posts\/9021"}],"collection":[{"href":"https:\/\/www.actualidadadiario.com\/index.php\/wp-json\/wp\/v2\/posts"}],"about":[{"href":"https:\/\/www.actualidadadiario.com\/index.php\/wp-json\/wp\/v2\/types\/post"}],"author":[{"embeddable":true,"href":"https:\/\/www.actualidadadiario.com\/index.php\/wp-json\/wp\/v2\/users\/3"}],"replies":[{"embeddable":true,"href":"https:\/\/www.actualidadadiario.com\/index.php\/wp-json\/wp\/v2\/comments?post=9021"}],"version-history":[{"count":1,"href":"https:\/\/www.actualidadadiario.com\/index.php\/wp-json\/wp\/v2\/posts\/9021\/revisions"}],"predecessor-version":[{"id":9023,"href":"https:\/\/www.actualidadadiario.com\/index.php\/wp-json\/wp\/v2\/posts\/9021\/revisions\/9023"}],"wp:featuredmedia":[{"embeddable":true,"href":"https:\/\/www.actualidadadiario.com\/index.php\/wp-json\/wp\/v2\/media\/9022"}],"wp:attachment":[{"href":"https:\/\/www.actualidadadiario.com\/index.php\/wp-json\/wp\/v2\/media?parent=9021"}],"wp:term":[{"taxonomy":"category","embeddable":true,"href":"https:\/\/www.actualidadadiario.com\/index.php\/wp-json\/wp\/v2\/categories?post=9021"},{"taxonomy":"post_tag","embeddable":true,"href":"https:\/\/www.actualidadadiario.com\/index.php\/wp-json\/wp\/v2\/tags?post=9021"}],"curies":[{"name":"wp","href":"https:\/\/api.w.org\/{rel}","templated":true}]}}