{"id":9018,"date":"2017-03-27T09:06:57","date_gmt":"2017-03-27T12:06:57","guid":{"rendered":"http:\/\/actualidadadiario.com\/site\/?p=9018"},"modified":"2017-03-27T09:06:57","modified_gmt":"2017-03-27T12:06:57","slug":"promueven-controles-ginecologicos-y-vacunacion-para-prevenir-el-cancer-de-cuello-uterino","status":"publish","type":"post","link":"https:\/\/www.actualidadadiario.com\/index.php\/2017\/03\/27\/promueven-controles-ginecologicos-y-vacunacion-para-prevenir-el-cancer-de-cuello-uterino\/","title":{"rendered":"Promueven controles ginecol\u00f3gicos y vacunaci\u00f3n para prevenir el c\u00e1ncer de cuello uterino"},"content":{"rendered":"<p><em><strong>En el D\u00eda Mundial del C\u00e1ncer de Cuello de \u00datero, el gobierno de Entre R\u00edos, a trav\u00e9s del Ministerio de Salud promueve la toma de Papanicolaou y la vacunaci\u00f3n para proteger del Virus Papiloma Humano (VPH) a ni\u00f1as y ni\u00f1os de 11 a\u00f1os en los establecimientos del sistema p\u00fablico de salud. Hoy convoca a generar conciencia sobre el valor preventivo de los controles peri\u00f3dicos y la consulta m\u00e9dica oportuna<\/strong><\/em><\/p>\n<p>&nbsp;<\/p>\n<p>&nbsp;<\/p>\n<p>&nbsp;<\/p>\n<p>&nbsp;<\/p>\n<p>La responsable del Programa de Prevenci\u00f3n del C\u00e1ncer de Cuello de \u00datero del Ministerio de Salud, Claudia Enrique, resalt\u00f3 que recomiendan el Papanicolaou o PAP como \u201cel m\u00e9todo m\u00e1s sensible, seguro y barato para prevenir porque detecta lesiones pre-invasoras del cuello de \u00fatero\u201d.<\/p>\n<p>&nbsp;<\/p>\n<p>La profesional indic\u00f3 que el D\u00eda Mundial del C\u00e1ncer de Cuello de \u00datero \u201cnos permite recordarles, a todas las mujeres que hayan iniciado relaciones sexuales, que pasados los 25 a\u00f1os es fundamental realizarse un Papanicolaou\u201d. Otro m\u00e9todo innovador y moderno es la determinaci\u00f3n del VPH en las mujeres a partir de los 30 a\u00f1os.<\/p>\n<p>&nbsp;<\/p>\n<p>&nbsp;<\/p>\n<p>&nbsp;<\/p>\n<p><strong>Prevenci\u00f3n primaria <\/strong><\/p>\n<p>La vacunaci\u00f3n es una etapa muy previa a la enfermedad en s\u00ed y en Argentina los mejores resultados de la inmunizaci\u00f3n contra el VPH se ven entre los 9 y 26 a\u00f1os. As\u00ed se determin\u00f3 que las ni\u00f1as nacidas a partir de 2000 se apliquen la vacuna contra el Virus del Papiloma Humano, lo que inici\u00f3 en 2011.<\/p>\n<p>&nbsp;<\/p>\n<p>En 2016 se incorpor\u00f3 la vacunaci\u00f3n contra el VPH para los varones de 11 a\u00f1os nacidos en la cohorte 2006. La estrategia se ampli\u00f3 teniendo en cuenta que el VPH no s\u00f3lo est\u00e1 relacionado con el c\u00e1ncer cervicouterino sino tambi\u00e9n con las enfermedades oncol\u00f3gicas de vagina, vulva, ano, pene, lengua y laringe.<\/p>\n<p>La especialista precis\u00f3 que \u201cla vacunaci\u00f3n est\u00e1 indicada en ni\u00f1as y ni\u00f1os pre-p\u00faberes, porque la vacuna es m\u00e1s eficaz en aquellas personas que no han tenido contacto con el virus, previo al inicio de las relaciones sexuales\u201d. Con la vacuna a varones y mujeres se busca evitar la circulaci\u00f3n viral, \u201cque el var\u00f3n no se contagie para que el var\u00f3n no contagie\u201d.<\/p>\n<p>&nbsp;<\/p>\n<p>La responsable del Programa Provincial de Prevenci\u00f3n de C\u00e1ncer de Cuello de \u00datero record\u00f3 que \u201cel 80 por ciento de la poblaci\u00f3n sexualmente activa en alg\u00fan momento va a tener un episodio con el VPH, lo que no implica que va a tener c\u00e1ncer\u201d.<\/p>\n<p>&nbsp;<\/p>\n<p>Por otra parte la mayor\u00eda de quienes presentan el VPH en su organismo lo van a eliminar al cabo de los dos a\u00f1os, aunque en un dos o tres por ciento de los casos el virus persiste. \u201cEsas personas son las que tienen m\u00e1s riesgo de terminar con un c\u00e1ncer de cuello de \u00fatero, vulva, vagina, pene, ano\u201d, aclar\u00f3 la m\u00e9dica.<\/p>\n<p>&nbsp;<\/p>\n<p>&nbsp;<\/p>\n<p>&nbsp;<\/p>\n<p><strong>Trabajo en terreno <\/strong><\/p>\n<p>El Programa de Prevenci\u00f3n del C\u00e1ncer de Cuello de \u00datero trabaja en campa\u00f1as en conjunto con los municipios, para reforzar la detecci\u00f3n precoz y el tratamiento oportuno. De esta manera Salud favorece la toma de muestra de PAP en mujeres de 25 a 65 a\u00f1os, sobre todo a quienes se realizaron el \u00faltimo estudio hace m\u00e1s de tres a\u00f1os.<\/p>\n<p>&nbsp;<\/p>\n<p>El programa cuenta dos moderadoras que, con el sistema inform\u00e1tico, identifican las mujeres que cuentan con un PAP patol\u00f3gico y garantizan el seguimiento de los casos y el acceso al tratamiento. \u201cEl trabajo no termina cuando uno hace un PAP sino que reci\u00e9n empieza\u201d, finaliz\u00f3 Enrique.<\/p>\n","protected":false},"excerpt":{"rendered":"<p>En el D\u00eda Mundial del C\u00e1ncer de Cuello de \u00datero, el gobierno de Entre R\u00edos, a trav\u00e9s del Ministerio de Salud promueve la toma de Papanicolaou y la vacunaci\u00f3n para proteger del Virus Papiloma Humano (VPH) a ni\u00f1as y ni\u00f1os de 11 a\u00f1os en los establecimientos del sistema p\u00fablico de salud. Hoy convoca a generar conciencia sobre el valor preventivo de los controles peri\u00f3dicos y la consulta m\u00e9dica oportuna &nbsp; &nbsp; &nbsp; &nbsp; La responsable del Programa de Prevenci\u00f3n del C\u00e1ncer de Cuello de \u00datero del Ministerio de Salud, Claudia&#8230;<\/p>\n","protected":false},"author":3,"featured_media":9019,"comment_status":"closed","ping_status":"closed","sticky":false,"template":"","format":"standard","meta":[],"categories":[9,15],"tags":[],"_links":{"self":[{"href":"https:\/\/www.actualidadadiario.com\/index.php\/wp-json\/wp\/v2\/posts\/9018"}],"collection":[{"href":"https:\/\/www.actualidadadiario.com\/index.php\/wp-json\/wp\/v2\/posts"}],"about":[{"href":"https:\/\/www.actualidadadiario.com\/index.php\/wp-json\/wp\/v2\/types\/post"}],"author":[{"embeddable":true,"href":"https:\/\/www.actualidadadiario.com\/index.php\/wp-json\/wp\/v2\/users\/3"}],"replies":[{"embeddable":true,"href":"https:\/\/www.actualidadadiario.com\/index.php\/wp-json\/wp\/v2\/comments?post=9018"}],"version-history":[{"count":1,"href":"https:\/\/www.actualidadadiario.com\/index.php\/wp-json\/wp\/v2\/posts\/9018\/revisions"}],"predecessor-version":[{"id":9020,"href":"https:\/\/www.actualidadadiario.com\/index.php\/wp-json\/wp\/v2\/posts\/9018\/revisions\/9020"}],"wp:featuredmedia":[{"embeddable":true,"href":"https:\/\/www.actualidadadiario.com\/index.php\/wp-json\/wp\/v2\/media\/9019"}],"wp:attachment":[{"href":"https:\/\/www.actualidadadiario.com\/index.php\/wp-json\/wp\/v2\/media?parent=9018"}],"wp:term":[{"taxonomy":"category","embeddable":true,"href":"https:\/\/www.actualidadadiario.com\/index.php\/wp-json\/wp\/v2\/categories?post=9018"},{"taxonomy":"post_tag","embeddable":true,"href":"https:\/\/www.actualidadadiario.com\/index.php\/wp-json\/wp\/v2\/tags?post=9018"}],"curies":[{"name":"wp","href":"https:\/\/api.w.org\/{rel}","templated":true}]}}