{"id":9012,"date":"2017-03-27T09:05:02","date_gmt":"2017-03-27T12:05:02","guid":{"rendered":"http:\/\/actualidadadiario.com\/site\/?p=9012"},"modified":"2017-03-27T09:05:02","modified_gmt":"2017-03-27T12:05:02","slug":"bordet-hablara-con-macri-de-obras-publicas-para-la-provincia","status":"publish","type":"post","link":"https:\/\/www.actualidadadiario.com\/index.php\/2017\/03\/27\/bordet-hablara-con-macri-de-obras-publicas-para-la-provincia\/","title":{"rendered":"Bordet hablar\u00e1 con Macri de obras p\u00fablicas para la provincia"},"content":{"rendered":"<p><em><strong>El gobernador Gustavo Bordet, que integra la comitiva oficial que encabeza el presidente Mauricio Macri en Holanda, aprovechar\u00e1 el contacto directo con el Jefe de Estado para avanzar sobre algunos proyectos de infraestructura que tiene en carpeta con el gobierno nacional<\/strong><\/em><\/p>\n<p>&nbsp;<\/p>\n<p>&nbsp;<\/p>\n<p>&nbsp;<\/p>\n<p>&nbsp;<\/p>\n<p>Las defensas de la costa del Uruguay y las plantas de tratamiento de efluentes de Concordia, San Jos\u00e9, Uruguay y Col\u00f3n son algunas de las obras sobre las que dialogar\u00e1n. Tambi\u00e9n est\u00e1n en agenda el cierre energ\u00e9tico norte y la operatividad el puerto Ibicuy tambi\u00e9n en agenda.<\/p>\n<p>&nbsp;<\/p>\n<p>En cuanto a infraestructura vial Bordet quiere agilizar las gestiones para el reemplazo de los viejos puentes Bailey de modo de consolidar la transitabilidad de los habitantes de las zonas rurales. Son 19 puentes, de los cuales cuatro ya cuentan con los proyectos ejecutivos. A trav\u00e9s del Prosap el gobernador proyecta obras viales en la ruta 12, 18, y 11.<\/p>\n","protected":false},"excerpt":{"rendered":"<p>El gobernador Gustavo Bordet, que integra la comitiva oficial que encabeza el presidente Mauricio Macri en Holanda, aprovechar\u00e1 el contacto directo con el Jefe de Estado para avanzar sobre algunos proyectos de infraestructura que tiene en carpeta con el gobierno nacional &nbsp; &nbsp; &nbsp; &nbsp; Las defensas de la costa del Uruguay y las plantas de tratamiento de efluentes de Concordia, San Jos\u00e9, Uruguay y Col\u00f3n son algunas de las obras sobre las que dialogar\u00e1n. Tambi\u00e9n est\u00e1n en agenda el cierre energ\u00e9tico norte y la operatividad el puerto Ibicuy tambi\u00e9n&#8230;<\/p>\n","protected":false},"author":3,"featured_media":9013,"comment_status":"closed","ping_status":"closed","sticky":false,"template":"","format":"standard","meta":[],"categories":[15],"tags":[],"_links":{"self":[{"href":"https:\/\/www.actualidadadiario.com\/index.php\/wp-json\/wp\/v2\/posts\/9012"}],"collection":[{"href":"https:\/\/www.actualidadadiario.com\/index.php\/wp-json\/wp\/v2\/posts"}],"about":[{"href":"https:\/\/www.actualidadadiario.com\/index.php\/wp-json\/wp\/v2\/types\/post"}],"author":[{"embeddable":true,"href":"https:\/\/www.actualidadadiario.com\/index.php\/wp-json\/wp\/v2\/users\/3"}],"replies":[{"embeddable":true,"href":"https:\/\/www.actualidadadiario.com\/index.php\/wp-json\/wp\/v2\/comments?post=9012"}],"version-history":[{"count":1,"href":"https:\/\/www.actualidadadiario.com\/index.php\/wp-json\/wp\/v2\/posts\/9012\/revisions"}],"predecessor-version":[{"id":9014,"href":"https:\/\/www.actualidadadiario.com\/index.php\/wp-json\/wp\/v2\/posts\/9012\/revisions\/9014"}],"wp:featuredmedia":[{"embeddable":true,"href":"https:\/\/www.actualidadadiario.com\/index.php\/wp-json\/wp\/v2\/media\/9013"}],"wp:attachment":[{"href":"https:\/\/www.actualidadadiario.com\/index.php\/wp-json\/wp\/v2\/media?parent=9012"}],"wp:term":[{"taxonomy":"category","embeddable":true,"href":"https:\/\/www.actualidadadiario.com\/index.php\/wp-json\/wp\/v2\/categories?post=9012"},{"taxonomy":"post_tag","embeddable":true,"href":"https:\/\/www.actualidadadiario.com\/index.php\/wp-json\/wp\/v2\/tags?post=9012"}],"curies":[{"name":"wp","href":"https:\/\/api.w.org\/{rel}","templated":true}]}}