{"id":9,"date":"2016-07-03T01:08:58","date_gmt":"2016-07-03T04:08:58","guid":{"rendered":"http:\/\/actualidadadiario.com\/site\/?p=9"},"modified":"2016-07-03T23:48:28","modified_gmt":"2016-07-04T02:48:28","slug":"abuelas-dio-la-bienvenida-al-nieto-120","status":"publish","type":"post","link":"https:\/\/www.actualidadadiario.com\/index.php\/2016\/07\/03\/abuelas-dio-la-bienvenida-al-nieto-120\/","title":{"rendered":"Abuelas dio la bienvenida al nieto 120"},"content":{"rendered":"<p>Jos\u00e9 Luis Maul\u00edn Pratto conoce su identidad desde 2009, pero la Justicia aun no le restituye su nombre<\/p>\n<p>Las Abuelas de Plaza de Mayo reconocieron a Jos\u00e9 Luis Maul\u00edn Pratto como el nieto 120, a quien la Justicia federal de Santa Fe a\u00fan no le restituy\u00f3 su verdadera filiaci\u00f3n ni su nombre.<\/p>\n<p>Abuelas de Plaza de Mayo present\u00f3 a Jos\u00e9 Luis Maul\u00edn Pratto como un nuevo caso de restituci\u00f3n de identidad, sustra\u00edda durante el terrorismo de Estado, y exige a la Justicia Federal de Santa Fe que le devuelva su verdadera filiaci\u00f3n, que fue esclarecida en 2009.<\/p>\n<p>En un comunicado, Abuelas explica la historia del nieto n\u00b0 120:<\/p>\n<p>\u201cDurante mucho, tiempo Rub\u00e9n y Luisa desconocieron el paradero de su hijo pero a fines de los \u201980 una vecina de la pareja trajo el dato del lugar donde estaba viviendo. Fue as\u00ed que decidieron ir a reclamar por \u00e9l, pero la falta de documentaci\u00f3n y las amenazas de los apropiadores impidieron el encuentro. A principios de los \u201990, Gisela, la hermana mayor de Jos\u00e9 Luis escuch\u00f3 que en su escuela hab\u00eda un ni\u00f1o con el apellido Segret\u00edn y se acerc\u00f3 a hablarle, pero el encuentro no prosper\u00f3 y Cecilia G\u00f3ngora amenaz\u00f3 a Gisela para obstaculizar la b\u00fasqueda.<\/p>\n<p>Jos\u00e9 Luis en ese entonces ya sab\u00eda que no era hijo de la mujer que lo hab\u00eda criado, pero los relatos iban variando seg\u00fan las circunstancias y conveniencia. \u00c9l desde temprana edad ten\u00eda dudas de su identidad, por las diferencias f\u00edsicas y porque ten\u00eda una hermana mayor adoptada. En un primer momento le dijeron que era fruto de una relaci\u00f3n extramatrimonial de Segret\u00edn y luego se fueron sumando otras versiones, siempre inconsistentes.<\/p>\n<p>Luisa dio una nota en una radio de la ciudad y su historia lleg\u00f3 a conocimiento de Jos\u00e9, quien se sinti\u00f3 motivado a averiguar sobre su identidad. En enero de 2009, Jos\u00e9 Luis tom\u00f3 coraje y llam\u00f3 a Luisa para contarle que, seg\u00fan las descripciones que ella hab\u00eda dado en la radio, \u00e9l podr\u00eda ser su hijo. Se encontraron por primera vez en febrero, y en abril se present\u00f3 a la justicia para reclamar por su identidad. R\u00e1pidamente Jos\u00e9 Luis, Rub\u00e9n Maul\u00edn y Luisa Pratto viajaron a Buenos Aires y realizaron el estudio en el Banco Nacional de Datos Gen\u00e9ticos para confirmar su v\u00ednculo: era el hijo que durante 32 a\u00f1os hab\u00edan buscado.\u201d<\/p>\n<p>Tambi\u00e9n all\u00ed se hace hincapi\u00e9 en que \u201cJos\u00e9 Luis dice que recuper\u00f3 a su familia y su familia lo recuper\u00f3 a \u00e9l; desde 2009 mantiene una relaci\u00f3n estrecha que se fortalece d\u00eda tras d\u00eda\u201d.<\/p>\n","protected":false},"excerpt":{"rendered":"<p>Jos\u00e9 Luis Maul\u00edn Pratto conoce su identidad desde 2009, pero la Justicia aun no le restituye su nombre Las Abuelas de Plaza de Mayo reconocieron a Jos\u00e9 Luis Maul\u00edn Pratto como el nieto 120, a quien la Justicia federal de Santa Fe a\u00fan no le restituy\u00f3 su verdadera filiaci\u00f3n ni su nombre. Abuelas de Plaza de Mayo present\u00f3 a Jos\u00e9 Luis Maul\u00edn Pratto como un nuevo caso de restituci\u00f3n de identidad, sustra\u00edda durante el terrorismo de Estado, y exige a la Justicia Federal de Santa Fe que le devuelva su&#8230;<\/p>\n","protected":false},"author":1,"featured_media":27,"comment_status":"closed","ping_status":"closed","sticky":false,"template":"","format":"standard","meta":[],"categories":[2],"tags":[],"_links":{"self":[{"href":"https:\/\/www.actualidadadiario.com\/index.php\/wp-json\/wp\/v2\/posts\/9"}],"collection":[{"href":"https:\/\/www.actualidadadiario.com\/index.php\/wp-json\/wp\/v2\/posts"}],"about":[{"href":"https:\/\/www.actualidadadiario.com\/index.php\/wp-json\/wp\/v2\/types\/post"}],"author":[{"embeddable":true,"href":"https:\/\/www.actualidadadiario.com\/index.php\/wp-json\/wp\/v2\/users\/1"}],"replies":[{"embeddable":true,"href":"https:\/\/www.actualidadadiario.com\/index.php\/wp-json\/wp\/v2\/comments?post=9"}],"version-history":[{"count":1,"href":"https:\/\/www.actualidadadiario.com\/index.php\/wp-json\/wp\/v2\/posts\/9\/revisions"}],"predecessor-version":[{"id":11,"href":"https:\/\/www.actualidadadiario.com\/index.php\/wp-json\/wp\/v2\/posts\/9\/revisions\/11"}],"wp:featuredmedia":[{"embeddable":true,"href":"https:\/\/www.actualidadadiario.com\/index.php\/wp-json\/wp\/v2\/media\/27"}],"wp:attachment":[{"href":"https:\/\/www.actualidadadiario.com\/index.php\/wp-json\/wp\/v2\/media?parent=9"}],"wp:term":[{"taxonomy":"category","embeddable":true,"href":"https:\/\/www.actualidadadiario.com\/index.php\/wp-json\/wp\/v2\/categories?post=9"},{"taxonomy":"post_tag","embeddable":true,"href":"https:\/\/www.actualidadadiario.com\/index.php\/wp-json\/wp\/v2\/tags?post=9"}],"curies":[{"name":"wp","href":"https:\/\/api.w.org\/{rel}","templated":true}]}}