{"id":89985,"date":"2022-07-27T13:46:39","date_gmt":"2022-07-27T16:46:39","guid":{"rendered":"https:\/\/www.actualidadadiario.com\/?p=89985"},"modified":"2022-07-27T13:46:39","modified_gmt":"2022-07-27T16:46:39","slug":"ara-san-juan-queja-ante-la-onu-y-reclamo-a-casacion-para-revertir-el-sobreseimiento-a-macri","status":"publish","type":"post","link":"https:\/\/www.actualidadadiario.com\/index.php\/2022\/07\/27\/ara-san-juan-queja-ante-la-onu-y-reclamo-a-casacion-para-revertir-el-sobreseimiento-a-macri\/","title":{"rendered":"ARA San Juan: queja ante la ONU y reclamo a Casaci\u00f3n para revertir el sobreseimiento a Macri"},"content":{"rendered":"<p style=\"text-align: center;\"><em><strong>La abogada Valeria Carreras tambi\u00e9n pidi\u00f3 la intervenci\u00f3n del Relator Especial sobre la independencia de Magistrados ante Naciones Unidas<\/strong><\/em><\/p>\n<p>&nbsp;<\/p>\n<p>&nbsp;<\/p>\n<p>&nbsp;<\/p>\n<p>La semana pr\u00f3xima cuando se reanude la actividad judicial tras la feria de invierno, familiares de las v\u00edctimas por hundimiento del submarino Ara San Juan recurrir\u00e1n a la C\u00e1mara de Casaci\u00f3n el fallo que dict\u00f3 el sobreseimiento del expresidente Mauricio Macri por maniobras de espionaje ilegal. En tanto, la querella inici\u00f3 reclamos internacionales.<\/p>\n<p>La abogada Valeria Carreras, querella mayoritaria y representante de familiares de v\u00edctimas ya pidi\u00f3 la intervenci\u00f3n del Relator Especial sobre la independencia de Magistrados ante Naciones Unidas, Diego Garc\u00eda Sayan, tras el fallo de la C\u00e1mara Federal que revirti\u00f3 el procesamiento de Macri y dict\u00f3 su sobreseimiento.<\/p>\n<p>En la nota, la abogada calific\u00f3 el fallo de \u201cescandaloso\u201d, al explicar que no solo fue sobrese\u00eddo el expresidente sino tambi\u00e9n los dem\u00e1s procesados de la AFI. Ello, seg\u00fan la letrada, a pesar de que el fallo reconoce que se realizaron tareas de inteligencia sobre las mujeres, viudas y madres de los submarinistas, \u201cque solo ped\u00edan por sus hijos y maridos, ahogados en el fondo del mar\u201d.<\/p>\n<p>Tambi\u00e9n adelant\u00f3 que pedir\u00e1 la intervenci\u00f3n de la Corte Interamericana de Derechos Humanos, a\u00fan sin agotar la v\u00eda judicial en la Argentina, \u201cello con sustento en la inexistencia de recursos internos efectivos que colocan a las v\u00edctimas en estado de indefensi\u00f3n y justifican la protecci\u00f3n internacional\u201d, advirti\u00f3 la abogada<\/p>\n<p>Los jueces de la C\u00e1mara Federal consideraron que no se cometi\u00f3 delito alguno en la producci\u00f3n de informes de inteligencia en los que se incluy\u00f3 informaci\u00f3n de los familiares de las v\u00edctimas del submarino que se hundi\u00f3 en 2017 y vincularon esa actividad con el prop\u00f3sito de garantizar la seguridad presidencial.<\/p>\n<p>La abogada Carreras asegur\u00f3: \u201cEl \u00faltimo golpe lo dieron los jueces de Comodoro Py, a trav\u00e9s del vergonzoso fallo que ubica a mis representadas, es decir mujeres madres, esposas hermanas de tripulantes del submarino, al mismo nivel que &#8220;una amenaza potencial al presidente y una amenaza a la seguridad interior de la Naci\u00f3n&#8221;.<\/p>\n<p>Los jueces Mariano Llorens, Pablo Bertuzzi y Leopoldo Bruglia sostuvieron que las diligencias que se realizaban guardaban relaci\u00f3n con la seguridad del entonces presidente y descartaron la hip\u00f3tesis de que se trat\u00f3 de tareas de \u201cinteligencia ilegal\u201d que buscaban controlar las protesta e influir en la opini\u00f3n p\u00fablica. El tambi\u00e9n alcanz\u00f3 a los ex directores de la AFI, Gustavo Arribas y Silvia Majdalani, y un grupo de funcionarios y agentes de la base AFI de Mar del Plata.<\/p>\n<p>El fallo ser\u00e1 apelado por la querellante. Intentar\u00e1 que la C\u00e1mara Federal de Casaci\u00f3n revierta la decisi\u00f3n de los jueces. Por su parte, Luis Tagliapietra, padre de uno de los tripulantes del ARA San Juan y querellante en las causas que se originaron tras el hundimiento del submarino, tambi\u00e9n adelant\u00f3 que apelar\u00e1 la decisi\u00f3n.<\/p>\n<p>Por un fallo de Casaci\u00f3n es que la causa pas\u00f3 del juzgado de Dolores a los tribunales de Retiro. El juez Mart\u00edn Bava remiti\u00f3 el expediente a la justicia de CABA tras la decisi\u00f3n de Casaci\u00f3n que orden\u00f3 el pase de la famosa causa \u201cD\u00b4Alessio\u201d.<\/p>\n","protected":false},"excerpt":{"rendered":"<p>La abogada Valeria Carreras tambi\u00e9n pidi\u00f3 la intervenci\u00f3n del Relator Especial sobre la independencia de Magistrados ante Naciones Unidas &nbsp; &nbsp; &nbsp; La semana pr\u00f3xima cuando se reanude la actividad judicial tras la feria de invierno, familiares de las v\u00edctimas por hundimiento del submarino Ara San Juan recurrir\u00e1n a la C\u00e1mara de Casaci\u00f3n el fallo que dict\u00f3 el sobreseimiento del expresidente Mauricio Macri por maniobras de espionaje ilegal. En tanto, la querella inici\u00f3 reclamos internacionales. La abogada Valeria Carreras, querella mayoritaria y representante de familiares de v\u00edctimas ya pidi\u00f3 la&#8230;<\/p>\n","protected":false},"author":3,"featured_media":89986,"comment_status":"closed","ping_status":"closed","sticky":false,"template":"","format":"standard","meta":[],"categories":[18],"tags":[],"_links":{"self":[{"href":"https:\/\/www.actualidadadiario.com\/index.php\/wp-json\/wp\/v2\/posts\/89985"}],"collection":[{"href":"https:\/\/www.actualidadadiario.com\/index.php\/wp-json\/wp\/v2\/posts"}],"about":[{"href":"https:\/\/www.actualidadadiario.com\/index.php\/wp-json\/wp\/v2\/types\/post"}],"author":[{"embeddable":true,"href":"https:\/\/www.actualidadadiario.com\/index.php\/wp-json\/wp\/v2\/users\/3"}],"replies":[{"embeddable":true,"href":"https:\/\/www.actualidadadiario.com\/index.php\/wp-json\/wp\/v2\/comments?post=89985"}],"version-history":[{"count":2,"href":"https:\/\/www.actualidadadiario.com\/index.php\/wp-json\/wp\/v2\/posts\/89985\/revisions"}],"predecessor-version":[{"id":89988,"href":"https:\/\/www.actualidadadiario.com\/index.php\/wp-json\/wp\/v2\/posts\/89985\/revisions\/89988"}],"wp:featuredmedia":[{"embeddable":true,"href":"https:\/\/www.actualidadadiario.com\/index.php\/wp-json\/wp\/v2\/media\/89986"}],"wp:attachment":[{"href":"https:\/\/www.actualidadadiario.com\/index.php\/wp-json\/wp\/v2\/media?parent=89985"}],"wp:term":[{"taxonomy":"category","embeddable":true,"href":"https:\/\/www.actualidadadiario.com\/index.php\/wp-json\/wp\/v2\/categories?post=89985"},{"taxonomy":"post_tag","embeddable":true,"href":"https:\/\/www.actualidadadiario.com\/index.php\/wp-json\/wp\/v2\/tags?post=89985"}],"curies":[{"name":"wp","href":"https:\/\/api.w.org\/{rel}","templated":true}]}}