{"id":89982,"date":"2022-07-27T13:45:48","date_gmt":"2022-07-27T16:45:48","guid":{"rendered":"https:\/\/www.actualidadadiario.com\/?p=89982"},"modified":"2022-07-27T13:45:48","modified_gmt":"2022-07-27T16:45:48","slug":"el-senado-sale-del-receso-y-reactiva-debate-para-modificar-las-consultas-populares","status":"publish","type":"post","link":"https:\/\/www.actualidadadiario.com\/index.php\/2022\/07\/27\/el-senado-sale-del-receso-y-reactiva-debate-para-modificar-las-consultas-populares\/","title":{"rendered":"El Senado sale del receso y reactiva debate para modificar las consultas populares"},"content":{"rendered":"<p style=\"text-align: center;\"><em><strong>Hay tres proyectos presentados y son todos del kirchnerismo, v\u00eda Oscar Parrilli, Juliana Di Tullio y Guillermo Snopek. Oposici\u00f3n desconf\u00eda y espera eventuales movimientos por Corte Suprema<\/strong><\/em><\/p>\n<p>&nbsp;<\/p>\n<p>&nbsp;<\/p>\n<p>Despu\u00e9s de m\u00e1s de 20 d\u00edas de calma y el cl\u00e1sico receso que el Congreso adopta -no est\u00e1 en su reglamento-, el Senado retomar\u00e1 la actividad con un plenario de comisiones que reanudar\u00e1 la discusi\u00f3n para aliviar las condiciones de las consultas populares. Hay tres proyectos en danza, todos de legisladores kirchneristas: Oscar Parrilli, Juliana di Tullio y Guillermo Snopek.<\/p>\n<p>La discusi\u00f3n se inici\u00f3 a inicios del mes pasado, con las iniciativas de Parrilli y Di Tullio en las comisiones de Justicia -que preside el neuquino- y de Asuntos Constitucionales -que comanda Snopek- de la C\u00e1mara alta. D\u00edas atr\u00e1s se sum\u00f3 el proyecto del juje\u00f1o, quien es el enemigo principal de su cu\u00f1ado y gobernador provincial, el radical Gerardo Morales.<\/p>\n<p>El objetivo de las leyes en juego es regular el derecho de iniciativa popular establecido en el art\u00edculo 39 de la Constituci\u00f3n y reformar la actual ley 24-747, aprobada en 1996, y que impon\u00eda mayor\u00edas especiales en el Congreso. En el texto de Snopek, dichas mayor\u00edas desaparecen, por lo que quedar\u00eda t\u00e1citamente registrado que, para que una iniciativa popular vea la luz en forma de proyecto de ley, necesitar\u00eda s\u00f3lo del voto de la mayor\u00eda de los presentes.<\/p>\n<p>Por otro lado, la iniciativa pretende excluir ciertos temas que no podr\u00e1n ser fijados ni modificados por este mecanismo: reforma constitucional, tratados internacionales, impuestos, Presupuesto y materia penal, aunque s\u00ed lo referido a la materia electoral. Adem\u00e1s, aumenta la burocracia con la creaci\u00f3n de una Oficina de Iniciativa Popular (OIP), en el \u00e1mbito del Congreso.<\/p>\n<p>Semanas atr\u00e1s, Parrilli expres\u00f3: \u201cEst\u00e1 claro que no estamos dando respuesta a todos los anhelos y expectativas que el pueblo tiene sobre dirigentes y democracia, por eso aparecen despu\u00e9s soluciones m\u00e1gicas y autoritarias\u201d. Luego, dijo que la idea es que \u201cno sea anormal ni in\u00e9dito hacer participar al pueblo a trav\u00e9s de las consultas en decisiones estrat\u00e9gicas que hacen al gobierno\u201d.<\/p>\n<p>La Ley 25.432 se\u00f1ala que no se puede llevar adelante una consulta popular el mismo d\u00eda de una elecci\u00f3n, por lo que el oficialismo propone modificar este punto. Adem\u00e1s, hasta el momento se requiere de una mayor\u00eda absoluta de los miembros de ambas c\u00e1maras para poder llamar a una consulta popular, mientras que lo que se plantea en la nueva iniciativa es que pueda hacerse con mayor\u00edas menos calificadas. De all\u00ed la clave del combo de proyectos en cuesti\u00f3n, que abre un plan b para el debate sobre la Corte Suprema, con un cristinismo que tuvo que posponer la \u00faltima sesi\u00f3n previa al receso ante la falta de blindaje de votos para el recinto.<\/p>\n<p>La iniciativa del Frente de Todos establece un m\u00e1ximo tribunal de Justicia con 25 magistrados, tal como solicitaron varios gobernadores. Sin embargo, el texto no dice nada sobre la distribuci\u00f3n y muchos mandatarios oficialistas desaparecieron a la hora de defender el proyecto en el Senado.<\/p>\n<p>El kirchnerismo se encontr\u00f3 con que Adolfo Rodr\u00edguez Sa\u00e1 no estaba dispuesto a acompa\u00f1ar la ley. Varios motivos se desprenden de ac\u00e1: el oficialismo casi que no tuvo en cuenta un texto que el puntano presenta desde hace a\u00f1os, a favor de una Corte de nueve jueces; la invitaci\u00f3n para que exponga sobre el tema su hermano, el gobernador Alberto Rodr\u00edguez Sa\u00e1 (el legislador neg\u00f3 esto); y el olvido -luego remendado en el dictamen- de la perspectiva de g\u00e9nero en la ley en cuesti\u00f3n.<\/p>\n<p>Otro voto -m\u00e1s cantado- fue el del usual aliado rionegrino Alberto Weretilneck, quien impuls\u00f3 un despacho de minor\u00eda en defensa de su propia iniciativa, de 16 magistrados en la Corte Suprema. Tanto \u00e9l como Alberto Rodr\u00edguez Sa\u00e1 nunca pusieron en duda su presencia en el recinto, es decir, en cuanto al quorum.<\/p>\n<p>Otro caso fue el de la casi oficialista Clara Vega, m\u00e1s extra\u00f1o que los otros dos. Primero, se mostr\u00f3 desconfiada del proyecto; luego, dijo que no lo ve\u00edan tan mal y, cerca de la sesi\u00f3n que al final no se realiz\u00f3, entr\u00f3 en silencio y sembr\u00f3 m\u00e1s dudas que certezas. As\u00ed, el Frente de Todos pon\u00eda en riesgo un debate y se acercaba a una derrota dif\u00edcil de digerir -por las se\u00f1ales de poder que busca dar- de cara al futuro, en medio de la turbulencia en la que se encuentra el Gobierno. En caso de avance, el tema se bloquear\u00eda en Diputados.<\/p>\n<p>M\u00e1s all\u00e1 de estos tres senadores, hay otros casos que necesitar\u00e1n ser revisados. Uno de ellos es el del santafesino Marcelo Lewandowski. El legislador empuja, desde hace tiempo, una soluci\u00f3n para destrabar la reforma judicial empantanada en Diputados: realiz\u00f3 un extracto de lo que se refiere al distrito que representa para agilizar la lucha contra el narcotr\u00e1fico, a la que califican a estas alturas como \u201cdram\u00e1tica\u201d.<\/p>\n","protected":false},"excerpt":{"rendered":"<p>Hay tres proyectos presentados y son todos del kirchnerismo, v\u00eda Oscar Parrilli, Juliana Di Tullio y Guillermo Snopek. Oposici\u00f3n desconf\u00eda y espera eventuales movimientos por Corte Suprema &nbsp; &nbsp; Despu\u00e9s de m\u00e1s de 20 d\u00edas de calma y el cl\u00e1sico receso que el Congreso adopta -no est\u00e1 en su reglamento-, el Senado retomar\u00e1 la actividad con un plenario de comisiones que reanudar\u00e1 la discusi\u00f3n para aliviar las condiciones de las consultas populares. Hay tres proyectos en danza, todos de legisladores kirchneristas: Oscar Parrilli, Juliana di Tullio y Guillermo Snopek. La&#8230;<\/p>\n","protected":false},"author":3,"featured_media":89983,"comment_status":"closed","ping_status":"closed","sticky":false,"template":"","format":"standard","meta":[],"categories":[18],"tags":[],"_links":{"self":[{"href":"https:\/\/www.actualidadadiario.com\/index.php\/wp-json\/wp\/v2\/posts\/89982"}],"collection":[{"href":"https:\/\/www.actualidadadiario.com\/index.php\/wp-json\/wp\/v2\/posts"}],"about":[{"href":"https:\/\/www.actualidadadiario.com\/index.php\/wp-json\/wp\/v2\/types\/post"}],"author":[{"embeddable":true,"href":"https:\/\/www.actualidadadiario.com\/index.php\/wp-json\/wp\/v2\/users\/3"}],"replies":[{"embeddable":true,"href":"https:\/\/www.actualidadadiario.com\/index.php\/wp-json\/wp\/v2\/comments?post=89982"}],"version-history":[{"count":1,"href":"https:\/\/www.actualidadadiario.com\/index.php\/wp-json\/wp\/v2\/posts\/89982\/revisions"}],"predecessor-version":[{"id":89984,"href":"https:\/\/www.actualidadadiario.com\/index.php\/wp-json\/wp\/v2\/posts\/89982\/revisions\/89984"}],"wp:featuredmedia":[{"embeddable":true,"href":"https:\/\/www.actualidadadiario.com\/index.php\/wp-json\/wp\/v2\/media\/89983"}],"wp:attachment":[{"href":"https:\/\/www.actualidadadiario.com\/index.php\/wp-json\/wp\/v2\/media?parent=89982"}],"wp:term":[{"taxonomy":"category","embeddable":true,"href":"https:\/\/www.actualidadadiario.com\/index.php\/wp-json\/wp\/v2\/categories?post=89982"},{"taxonomy":"post_tag","embeddable":true,"href":"https:\/\/www.actualidadadiario.com\/index.php\/wp-json\/wp\/v2\/tags?post=89982"}],"curies":[{"name":"wp","href":"https:\/\/api.w.org\/{rel}","templated":true}]}}