{"id":8990,"date":"2017-03-24T11:22:51","date_gmt":"2017-03-24T14:22:51","guid":{"rendered":"http:\/\/actualidadadiario.com\/site\/?p=8990"},"modified":"2017-03-24T11:22:51","modified_gmt":"2017-03-24T14:22:51","slug":"carlotto-reitero-que-la-idea-del-gobierno-de-querer-cambiar-el-feriado-fue-una-provocacion","status":"publish","type":"post","link":"https:\/\/www.actualidadadiario.com\/index.php\/2017\/03\/24\/carlotto-reitero-que-la-idea-del-gobierno-de-querer-cambiar-el-feriado-fue-una-provocacion\/","title":{"rendered":"Carlotto reiter\u00f3 que &#8220;la idea del Gobierno de querer cambiar el feriado fue una provocaci\u00f3n&#8221;"},"content":{"rendered":"<p><em><strong>La presidenta de Abuelas de Plaza de Mayo, Estela de Carlotto reiter\u00f3 que &#8220;la idea del Gobierno de querer cambiar el feriado fue una provocaci\u00f3n&#8221;, al referirse al frustrado traslado del 24 de marzo<\/strong><\/em><\/p>\n<p>&nbsp;<\/p>\n<p>&nbsp;<\/p>\n<p>&nbsp;<\/p>\n<p>&nbsp;<\/p>\n<p>En di\u00e1logo con C5N, sostuvo que la decisi\u00f3n, que luego mereci\u00f3 la marcha atr\u00e1s del Gobierno, &#8220;fue un dolor muy grande&#8221;. Carlotto a\u00f1adi\u00f3 que &#8220;este d\u00eda se recuerda m\u00e1s todo, se aprecia m\u00e1s la democracia. No es un d\u00eda de fiesta pero s\u00ed de unidad&#8221;.<\/p>\n<p>&nbsp;<\/p>\n<p>Respecto al documento que leer\u00e1 en representaci\u00f3n de la entidad que preside, dijo: &#8220;No hay nada bueno para decir: cada vez hay m\u00e1s desempleo, el vaciamiento de la educaci\u00f3n&#8230; le rogar\u00eda a la gobernadora (Vidal) que responda a los docentes, nosotras vamos a seguir apoy\u00e1ndolos&#8221;. Tambi\u00e9n mencion\u00f3 que van &#8220;a pedir fuertemente por la libertad de Milagro Sala&#8221;.<\/p>\n<p>&nbsp;<\/p>\n<p>En cuanto a la relaci\u00f3n de Abuelas con el Presidente, afirm\u00f3: &#8220;Macri dijo que no ten\u00eda tiempo para recibirnos. Nos recibi\u00f3 una sola vez y tard\u00edamente. Esto duele&#8221;.<\/p>\n<p>&nbsp;<\/p>\n<p>Finalmente, estim\u00f3 que el acto de hoy ser\u00e1 masivo. &#8220;Esperamos que la marcha sea multitudinaria. Este a\u00f1o que hay tanto malestar y angustia seguro se van a sumar muchos&#8221;, agreg\u00f3.<\/p>\n","protected":false},"excerpt":{"rendered":"<p>La presidenta de Abuelas de Plaza de Mayo, Estela de Carlotto reiter\u00f3 que &#8220;la idea del Gobierno de querer cambiar el feriado fue una provocaci\u00f3n&#8221;, al referirse al frustrado traslado del 24 de marzo &nbsp; &nbsp; &nbsp; &nbsp; En di\u00e1logo con C5N, sostuvo que la decisi\u00f3n, que luego mereci\u00f3 la marcha atr\u00e1s del Gobierno, &#8220;fue un dolor muy grande&#8221;. Carlotto a\u00f1adi\u00f3 que &#8220;este d\u00eda se recuerda m\u00e1s todo, se aprecia m\u00e1s la democracia. No es un d\u00eda de fiesta pero s\u00ed de unidad&#8221;. &nbsp; Respecto al documento que leer\u00e1 en&#8230;<\/p>\n","protected":false},"author":3,"featured_media":8991,"comment_status":"closed","ping_status":"closed","sticky":false,"template":"","format":"standard","meta":[],"categories":[9,18],"tags":[],"_links":{"self":[{"href":"https:\/\/www.actualidadadiario.com\/index.php\/wp-json\/wp\/v2\/posts\/8990"}],"collection":[{"href":"https:\/\/www.actualidadadiario.com\/index.php\/wp-json\/wp\/v2\/posts"}],"about":[{"href":"https:\/\/www.actualidadadiario.com\/index.php\/wp-json\/wp\/v2\/types\/post"}],"author":[{"embeddable":true,"href":"https:\/\/www.actualidadadiario.com\/index.php\/wp-json\/wp\/v2\/users\/3"}],"replies":[{"embeddable":true,"href":"https:\/\/www.actualidadadiario.com\/index.php\/wp-json\/wp\/v2\/comments?post=8990"}],"version-history":[{"count":1,"href":"https:\/\/www.actualidadadiario.com\/index.php\/wp-json\/wp\/v2\/posts\/8990\/revisions"}],"predecessor-version":[{"id":8992,"href":"https:\/\/www.actualidadadiario.com\/index.php\/wp-json\/wp\/v2\/posts\/8990\/revisions\/8992"}],"wp:featuredmedia":[{"embeddable":true,"href":"https:\/\/www.actualidadadiario.com\/index.php\/wp-json\/wp\/v2\/media\/8991"}],"wp:attachment":[{"href":"https:\/\/www.actualidadadiario.com\/index.php\/wp-json\/wp\/v2\/media?parent=8990"}],"wp:term":[{"taxonomy":"category","embeddable":true,"href":"https:\/\/www.actualidadadiario.com\/index.php\/wp-json\/wp\/v2\/categories?post=8990"},{"taxonomy":"post_tag","embeddable":true,"href":"https:\/\/www.actualidadadiario.com\/index.php\/wp-json\/wp\/v2\/tags?post=8990"}],"curies":[{"name":"wp","href":"https:\/\/api.w.org\/{rel}","templated":true}]}}