{"id":8987,"date":"2017-03-24T11:22:01","date_gmt":"2017-03-24T14:22:01","guid":{"rendered":"http:\/\/actualidadadiario.com\/site\/?p=8987"},"modified":"2017-03-24T11:22:01","modified_gmt":"2017-03-24T14:22:01","slug":"las-causas-que-vinculan-a-empresarios-con-delitos-de-lesa-humanidad-siguen-tramitandose","status":"publish","type":"post","link":"https:\/\/www.actualidadadiario.com\/index.php\/2017\/03\/24\/las-causas-que-vinculan-a-empresarios-con-delitos-de-lesa-humanidad-siguen-tramitandose\/","title":{"rendered":"&#8220;Las causas que vinculan a empresarios con delitos de lesa humanidad siguen tramit\u00e1ndose&#8221;"},"content":{"rendered":"<p><em><strong>El titular de la Procuradur\u00eda de Cr\u00edmenes contra la Humanidad, Jorge Auat, admiti\u00f3 que los juicios por complicidad civil son &#8220;dif\u00edciles&#8221; de investigar, pero neg\u00f3 una par\u00e1lisis. &#8220;Es probable que haya alg\u00fan tipo de especulaci\u00f3n con que el cambio de Gobierno significaba un cambio de situaci\u00f3n en las causas&#8221;, se\u00f1al\u00f3. Adem\u00e1s, advirti\u00f3 sobre el aumento de prisiones domiciliarias. &#8220;Si fue una decisi\u00f3n extra\u00f1a es para consagrar impunidad&#8221;, alert\u00f3<\/strong><\/em><\/p>\n<p>&nbsp;<\/p>\n<p>&nbsp;<\/p>\n<p>&nbsp;<\/p>\n<p>&nbsp;<\/p>\n<p><strong>\u00bfCu\u00e1l es el balance que usted hace de la causas de lesa humanidad?<\/strong><\/p>\n<p>Se ha logrado mucho, pero todav\u00eda falta un camino importante por recorrer. No me parece \u00e9tico pensar en t\u00e9rminos contables un proceso tan moral como es el de Memoria, Verdad y Justicia. Hay que pensarlo desde la demanda de Justicia. No hay que olvidar que esa consigna es una reacci\u00f3n contra el olvido, y es una consigna total, no parcial. Si no se abarca la totalidad del crimen deja un sabor a injusticia.<\/p>\n<p>&nbsp;<\/p>\n<p><strong>\u00bfPor qu\u00e9 cree que es importante que no se frenen estos juicios?<\/strong><\/p>\n<p>Estos procesos tienen un efecto colateral impresionante: instalan la idea de que lo que vivimos los argentinos fue una tragedia. Esto es fundamental pensarlos desde ese lugar. Desde la funci\u00f3n p\u00fablica tenemos que mirar el vaso medio vac\u00edo, lo hecho, hecho est\u00e1. Hay que seguir trabajando. La demanda de justicia lo que hace es revelar que falta justicia. Si hay familiares que la reclaman, tenemos el compromiso y el deber moral de dar respuestas y en eso tenemos que trabajar todas las agencias del Estado. Falta mucho por hacer.<\/p>\n<p>&nbsp;<\/p>\n<p><strong>\u00bfCree que el reclamo de Justicia est\u00e1 m\u00e1s vigente que antes? <\/strong><\/p>\n<p>Trabajamos permanentemente para dar respuestas a lo que la sociedad reclama, y la sociedad reclaman que los procesos contin\u00faen y celeridad, pero no solo a las fiscal\u00edas, sino a los todos los poderes.<\/p>\n<p>&nbsp;<\/p>\n<p><strong>\u00bfCuenta el Estado con los recursos necesarios para cumplir con esa demanda?<\/strong><\/p>\n<p>La Comisi\u00f3n Interpoderes existe, ha funcionado el a\u00f1o pasado con una reuni\u00f3n inicial, pero estaba preparada para reuniones quincenales o mensuales, y solo hubo una convocatoria. Esto marca el lugar que ocupa en la agenda judicial el tratamiento de estos casos.<\/p>\n<p>&nbsp;<\/p>\n<p><strong>\u00bfHay intentos por cerrar causas en tr\u00e1mite?<\/strong><\/p>\n<p>En el caso de la masacre de Margarita Bel\u00e9n, esta semana la Corte Suprema nos dio la raz\u00f3n y clausur\u00f3 cualquier intenci\u00f3n de volver a discutir la prescripci\u00f3n de los cr\u00edmenes del terrorismo de Estado. La imprescriptibilidad de estos cr\u00edmenes qued\u00f3 pr\u00e1cticamente blindada, as\u00ed que esa discusi\u00f3n no puede seguir sosteni\u00e9ndose en ning\u00fan tribunal.<\/p>\n<p>&nbsp;<\/p>\n<p><strong>\u00bfEs posible que el cambio de Gobierno haya paralizado las investigaciones sobre la complicidad civil?<\/strong><\/p>\n<p>Trabajamos con las responsabilidades empresariales y la impunidad de ciertos sectores de la sociedad civil. Es un camino complejo, complicado y hasta tortuoso. Nunca fue f\u00e1cil, ni antes ni ahora. Siempre fue dif\u00edcil investigar. Es probable que haya alg\u00fan tipo de especulaci\u00f3n con que el cambio de Gobierno significaba un cambio de situaci\u00f3n en las causas. Lo hemos escuchado en los discursos y en los mismos juicios. Dec\u00edan que (las causas) eran estrictamente pol\u00edticas de un Gobierno puntualmente. Eso es un error de diagn\u00f3stico porque esto es un proceso mucho m\u00e1s profundo y es muy anterior al gobierno de los Kirchner. El proceso nace, se viabiliza y se consolida en el seno de la sociedad primero y despu\u00e9s se institucionaliza. No es una cuesti\u00f3n de agenda de Gobierno, es agenda p\u00fablica de la sociedad. Sin duda habr\u00e1 gobierno que lo incorporan menos a sus agendas, pero eso nos excede.<\/p>\n<p>&nbsp;<\/p>\n<p><strong>Entonces no est\u00e1n paralizadas las que vinculan a civiles, empresarios&#8230;<\/strong><\/p>\n<p>Esas causas tienen muchos a\u00f1os de tr\u00e1mite, y esos a\u00f1os marcan las dificultades que tuvimos. Tambi\u00e9n tuvimos par\u00e1lisis por los jueces. Hay causas de empresarios que est\u00e1n tramit\u00e1ndose, por ejemplo la de Blaquier est\u00e1 en la Corte ahora. El hecho de que sean empresarios no incide en los procesos. Cuando decimos que se tienen tramitar con urgencia, hablamos de una patolog\u00eda que tiene que ver con la morosidad, la cronicidad. Es la impunidad biol\u00f3gica por la demora de los tr\u00e1mites: la muerte de v\u00edctimas, imputados y testigos.<\/p>\n<p>&nbsp;<\/p>\n<p><strong>\u00bfSe politizaron los juicios por derechos humanos se politizaron? <\/strong><\/p>\n<p>Si los vinculamos o los desvinculamos de los despachos de las distintas agencias del poder, si los politizamos o partidizamos, los estamos comprometiendo, estamos evaluando las causas. Es una devaluaci\u00f3n \u00e9tica poner un r\u00f3tulo partidario.<\/p>\n<p>&nbsp;<\/p>\n<p><strong>\u00bfSiente frustraci\u00f3n con el incremento de las prisiones domiciliarias?<\/strong><\/p>\n<p>No. Lo venimos tratando y hay que ir caso por caso. Lo que pretendes es que se cumpla con la ley. Si tiene el derecho y se puede otorgar el beneficio, no hay nada que discutir. Si se malversa el esp\u00edritu de la norma, o si la instrumentaci\u00f3n es maliciosa, en ese caso es impunidad. Si se revisa el cumplimiento efectivo de la prisi\u00f3n domiciliaria no hay nada que decir. Si le corresponde, lo \u00fanico que se puede hacer es aceptarlo. Ahora, si se increment\u00f3 por una cuesti\u00f3n ajena al tr\u00e1mite procesal, la lectura es que hubo una decisi\u00f3n ajena, extra\u00f1a, para consagrar impunidad.<\/p>\n<p>&nbsp;<\/p>\n<p><strong>\u00bfCree que falta incentivo para dar con los 45 pr\u00f3fugos en causas por lesa humanidad?<\/strong><\/p>\n<p>No hay quejas, ni presentaci\u00f3n en ese sentido. No tenemos informaci\u00f3n. Ser\u00eda importante que aparezcan. Un pr\u00f3fugo es una situaci\u00f3n anormal de un proceso, que en definitiva termina siendo impunidad.<\/p>\n","protected":false},"excerpt":{"rendered":"<p>El titular de la Procuradur\u00eda de Cr\u00edmenes contra la Humanidad, Jorge Auat, admiti\u00f3 que los juicios por complicidad civil son &#8220;dif\u00edciles&#8221; de investigar, pero neg\u00f3 una par\u00e1lisis. &#8220;Es probable que haya alg\u00fan tipo de especulaci\u00f3n con que el cambio de Gobierno significaba un cambio de situaci\u00f3n en las causas&#8221;, se\u00f1al\u00f3. Adem\u00e1s, advirti\u00f3 sobre el aumento de prisiones domiciliarias. &#8220;Si fue una decisi\u00f3n extra\u00f1a es para consagrar impunidad&#8221;, alert\u00f3 &nbsp; &nbsp; &nbsp; &nbsp; \u00bfCu\u00e1l es el balance que usted hace de la causas de lesa humanidad? Se ha logrado mucho, pero&#8230;<\/p>\n","protected":false},"author":3,"featured_media":8988,"comment_status":"closed","ping_status":"closed","sticky":false,"template":"","format":"standard","meta":[],"categories":[18],"tags":[],"_links":{"self":[{"href":"https:\/\/www.actualidadadiario.com\/index.php\/wp-json\/wp\/v2\/posts\/8987"}],"collection":[{"href":"https:\/\/www.actualidadadiario.com\/index.php\/wp-json\/wp\/v2\/posts"}],"about":[{"href":"https:\/\/www.actualidadadiario.com\/index.php\/wp-json\/wp\/v2\/types\/post"}],"author":[{"embeddable":true,"href":"https:\/\/www.actualidadadiario.com\/index.php\/wp-json\/wp\/v2\/users\/3"}],"replies":[{"embeddable":true,"href":"https:\/\/www.actualidadadiario.com\/index.php\/wp-json\/wp\/v2\/comments?post=8987"}],"version-history":[{"count":1,"href":"https:\/\/www.actualidadadiario.com\/index.php\/wp-json\/wp\/v2\/posts\/8987\/revisions"}],"predecessor-version":[{"id":8989,"href":"https:\/\/www.actualidadadiario.com\/index.php\/wp-json\/wp\/v2\/posts\/8987\/revisions\/8989"}],"wp:featuredmedia":[{"embeddable":true,"href":"https:\/\/www.actualidadadiario.com\/index.php\/wp-json\/wp\/v2\/media\/8988"}],"wp:attachment":[{"href":"https:\/\/www.actualidadadiario.com\/index.php\/wp-json\/wp\/v2\/media?parent=8987"}],"wp:term":[{"taxonomy":"category","embeddable":true,"href":"https:\/\/www.actualidadadiario.com\/index.php\/wp-json\/wp\/v2\/categories?post=8987"},{"taxonomy":"post_tag","embeddable":true,"href":"https:\/\/www.actualidadadiario.com\/index.php\/wp-json\/wp\/v2\/tags?post=8987"}],"curies":[{"name":"wp","href":"https:\/\/api.w.org\/{rel}","templated":true}]}}