{"id":8983,"date":"2017-03-24T11:21:00","date_gmt":"2017-03-24T14:21:00","guid":{"rendered":"http:\/\/actualidadadiario.com\/site\/?p=8983"},"modified":"2017-03-24T11:21:00","modified_gmt":"2017-03-24T14:21:00","slug":"a-41-anos-del-golpe-de-estado-la-plaza-de-mayo-sera-escenario-del-acto-central","status":"publish","type":"post","link":"https:\/\/www.actualidadadiario.com\/index.php\/2017\/03\/24\/a-41-anos-del-golpe-de-estado-la-plaza-de-mayo-sera-escenario-del-acto-central\/","title":{"rendered":"A 41 a\u00f1os del golpe de Estado, la Plaza de Mayo ser\u00e1 escenario del acto central"},"content":{"rendered":"<p><em><strong>El 41\u00b0 aniversario del golpe de Estado de 1976 ser\u00e1 recordado en memoria de los 30.000 desaparecidos en las principales ciudades del pa\u00eds, y la Plaza de Mayo se convertir\u00e1 nuevamente en el escenario central en el que confluir\u00e1n organismos de derechos humanos, agrupaciones pol\u00edticas y sociales y manifestantes al conmemorarse el D\u00eda Nacional de la Memoria por la Verdad y la Justicia. Frente a Casa Rosada ya se concentran organizaciones y militantes<\/strong><\/em><\/p>\n<p>&nbsp;<\/p>\n<p>&nbsp;<\/p>\n<p>&nbsp;<\/p>\n<p>&nbsp;<\/p>\n<p>A las 13, desde avenida de Mayo y 9 de Julio, las Abuelas y Madres de Plaza de Mayo L\u00ednea Fundadora; Familiares de Detenidos y Desaparecidos por Razones Pol\u00edticas, e H.I.J.O.S. encabezar\u00e1n la columna que llegar\u00e1 a la Plaza de Mayo portando la bandera con las fotograf\u00edas de los desaparecidos, acompa\u00f1adas por organizaciones sindicales, estudiantiles, pol\u00edticas y sociales, y a las 16 leer\u00e1n un documento consensuado con el que fijar\u00e1n su postura sobre la situaci\u00f3n de los derechos humanos en el pa\u00eds.<\/p>\n<p>&nbsp;<\/p>\n<p>Por su parte, la Asociaci\u00f3n Madres de Plaza de Mayo, encabezada por Hebe de Bonafini, partir\u00e1 a las 15 desde la sede de la instituci\u00f3n, en avenida Hip\u00f3lito Yrigoyen al 1500, a bordo de un cami\u00f3n con acoplado que se abrir\u00e1 paso sobre la avenida de Mayo y estacionar\u00e1 en la entrada de la plaza desde donde dirigir\u00e1n la palabra y se retirar\u00e1n.<\/p>\n<p>&nbsp;<\/p>\n<p>Las Madres estar\u00e1n acompa\u00f1adas por representantes sindicales de 20 gremios, entre ellos, bancarios, subterr\u00e1neos, encargados de edificios y judiciales, que con sus banderas, centralizar\u00e1n las consignas en la falta de trabajo.<\/p>\n<p>&nbsp;<\/p>\n<p>A trav\u00e9s de las redes sociales, Bonafini convoc\u00f3 a participar de un &#8220;siluetazo&#8221;, acci\u00f3n colectiva inaugurada en 1983 con siluetas humanas hechas sobre papel para visibilizar a los desaparecidos, que esta vez no ser\u00e1n negras sino de colores y que colgar\u00e1n a manera de pasacalles en diferentes cuadras de la Avenida de Mayo.<\/p>\n<p>&nbsp;<\/p>\n<p>Por su parte, el Encuentro Memoria, Verdad y Justicia, convoc\u00f3 como todos los a\u00f1os a la Plaza Congreso desde las 13 para marchar hacia Plaza de Mayo, donde realizar\u00e1n su propio acto una vez finalizado el de los organismos de derechos humanos, bajo la consigna &#8220;son 30.000 y fue un genocidio&#8221;.<\/p>\n<p>&nbsp;<\/p>\n<p>En tanto, en la capital de la provincia de Buenos Aires, la multisectorial La Plata se concentrar\u00e1 hoy desde las 14 por las calles c\u00e9ntricas de la capital bonaerense que terminar\u00e1 en una concentraci\u00f3n en la Plaza San Mart\u00edn, en el centro platense, y a la que se sumar\u00e1n estudiantes universitarios y secundarios, sindicatos y partidos pol\u00edticos.<\/p>\n<p>&nbsp;<\/p>\n<p>En C\u00f3rdoba, el Archivo Provincial de la Memoria, el Espacio para La Memoria La Perla y Campo de la Ribera finalizar\u00e1n la semana de la Memoria con una marcha hoy a las 18 concentrando en Col\u00f3n y Ca\u00f1ada desde donde partir\u00e1n hacia la Plaza San Mart\u00edn de la Capital cordobesa.<\/p>\n<p>&nbsp;<\/p>\n<p>Por su parte, los organismos de derechos humanos marchar\u00e1n a las 18 bajo el lema &#8220;Todos a la calle, que la lucha no se calle&#8221;, organizada por la Multisectorial por los Derechos Humanos de R\u00edo Cuarto y se concentrar\u00e1n en la plaza Central de la ciudad.<\/p>\n<p>&nbsp;<\/p>\n<p>En Santa Fe, los organismos de derechos humanos encabezados por Madres y Abuelas de Plaza de Mayo se concentrar\u00e1n en Plaza del Soldado a las 17 y marchar\u00e1n hasta plaza 25 de Mayo frente a Casa de Gobierno, donde realizar\u00e1n un acto y cerrar\u00e1n con un show musical.<\/p>\n<p>&nbsp;<\/p>\n<p>En Rosario, los actos organizados por los organismos y por la Intendencia de Rosario comenzar\u00e1n ma\u00f1ana a las 9.30 en el bosque de la Memoria, en el Parque Scalabrini Ortiz, situado en la zona noroeste de Rosario, con la ceremonia de plantaci\u00f3n de \u00e1rboles por los desaparecidos.<\/p>\n<p>&nbsp;<\/p>\n<p>Por la tarde, las organizaciones de derechos humanos, sociales y Madres de la Plaza 25 de Mayo se concentrar\u00e1n a las 17 en la plaza San Mart\u00edn desde donde partir\u00e1 la tradicional marcha hacia el Monumento Nacional a la Bandera donde se realizar\u00e1 un acto.<\/p>\n<p>&nbsp;<\/p>\n<p>En Mendoza, organismos de derechos humanos convocan a una marcha ma\u00f1ana a las 18 en el kil\u00f3metro cero de la capital provincial, desde donde se dirigir\u00e1n a hasta la Casa de Gobierno y realizar\u00e1n un acto en su explanada.<\/p>\n<p>&nbsp;<\/p>\n<p>El 24 de marzo fue instituido como &#8220;D\u00eda Nacional de la Memoria por la Verdad y la Justicia&#8221; por el Congreso de la Naci\u00f3n el 2 de agosto de 2002 con el objetivo de conmemorar a las v\u00edctimas del golpe genocida de 1976.<\/p>\n","protected":false},"excerpt":{"rendered":"<p>El 41\u00b0 aniversario del golpe de Estado de 1976 ser\u00e1 recordado en memoria de los 30.000 desaparecidos en las principales ciudades del pa\u00eds, y la Plaza de Mayo se convertir\u00e1 nuevamente en el escenario central en el que confluir\u00e1n organismos de derechos humanos, agrupaciones pol\u00edticas y sociales y manifestantes al conmemorarse el D\u00eda Nacional de la Memoria por la Verdad y la Justicia. Frente a Casa Rosada ya se concentran organizaciones y militantes &nbsp; &nbsp; &nbsp; &nbsp; A las 13, desde avenida de Mayo y 9 de Julio, las Abuelas&#8230;<\/p>\n","protected":false},"author":3,"featured_media":8984,"comment_status":"closed","ping_status":"closed","sticky":false,"template":"","format":"standard","meta":[],"categories":[9,18],"tags":[],"_links":{"self":[{"href":"https:\/\/www.actualidadadiario.com\/index.php\/wp-json\/wp\/v2\/posts\/8983"}],"collection":[{"href":"https:\/\/www.actualidadadiario.com\/index.php\/wp-json\/wp\/v2\/posts"}],"about":[{"href":"https:\/\/www.actualidadadiario.com\/index.php\/wp-json\/wp\/v2\/types\/post"}],"author":[{"embeddable":true,"href":"https:\/\/www.actualidadadiario.com\/index.php\/wp-json\/wp\/v2\/users\/3"}],"replies":[{"embeddable":true,"href":"https:\/\/www.actualidadadiario.com\/index.php\/wp-json\/wp\/v2\/comments?post=8983"}],"version-history":[{"count":1,"href":"https:\/\/www.actualidadadiario.com\/index.php\/wp-json\/wp\/v2\/posts\/8983\/revisions"}],"predecessor-version":[{"id":8986,"href":"https:\/\/www.actualidadadiario.com\/index.php\/wp-json\/wp\/v2\/posts\/8983\/revisions\/8986"}],"wp:featuredmedia":[{"embeddable":true,"href":"https:\/\/www.actualidadadiario.com\/index.php\/wp-json\/wp\/v2\/media\/8984"}],"wp:attachment":[{"href":"https:\/\/www.actualidadadiario.com\/index.php\/wp-json\/wp\/v2\/media?parent=8983"}],"wp:term":[{"taxonomy":"category","embeddable":true,"href":"https:\/\/www.actualidadadiario.com\/index.php\/wp-json\/wp\/v2\/categories?post=8983"},{"taxonomy":"post_tag","embeddable":true,"href":"https:\/\/www.actualidadadiario.com\/index.php\/wp-json\/wp\/v2\/tags?post=8983"}],"curies":[{"name":"wp","href":"https:\/\/api.w.org\/{rel}","templated":true}]}}