{"id":8977,"date":"2017-03-24T11:17:56","date_gmt":"2017-03-24T14:17:56","guid":{"rendered":"http:\/\/actualidadadiario.com\/site\/?p=8977"},"modified":"2017-03-24T11:17:56","modified_gmt":"2017-03-24T14:17:56","slug":"cierra-la-emblematica-mono-azul-y-deja-a-30-familias-en-la-calle","status":"publish","type":"post","link":"https:\/\/www.actualidadadiario.com\/index.php\/2017\/03\/24\/cierra-la-emblematica-mono-azul-y-deja-a-30-familias-en-la-calle\/","title":{"rendered":"Cierra la emblem\u00e1tica Mo\u00f1o Azul y deja a 30 familias en la calle"},"content":{"rendered":"<p><em><strong>La compa\u00f1\u00eda no quiere pagar la totalidad de las indemnizaciones y negocia con los empleados. Expofrut ya hab\u00eda despedido a 130 trabajadores por la crisis<\/strong><\/em><\/p>\n<p>&nbsp;<\/p>\n<p>&nbsp;<\/p>\n<p>&nbsp;<\/p>\n<p>&nbsp;<\/p>\n<p>La emblem\u00e1tica empresa de manzanas Mo\u00f1o Azul comenz\u00f3 con el cierre de su planta en General Roca, R\u00edo Negro, y despidi\u00f3 a 30 trabajadores.<\/p>\n<p>&nbsp;<\/p>\n<p>El sector frut\u00edcola atraviesa una dura crisis. En primer lugar, la apertura de importaciones llev\u00f3 a que lleguen manzanas desde Chile. En segundo lugar hay un problema en la cadena de valor: en la g\u00f3ndola, la fruta cuesta 11 veces m\u00e1s que aquello que se le paga al productor, seg\u00fan inform\u00f3 la CAME.<\/p>\n<p>&nbsp;<\/p>\n<p>La diputada Mar\u00eda Emilia Soria present\u00f3 un escrito al secretario de Trabajo de R\u00edo Negro, Lucas Pica, y al ministro de Trabajo de la Naci\u00f3n, Jorge Triaca. Lo hizo luego de haber mantenido una reuni\u00f3n con el Delegado de la Planta de Empaque y un grupo de trabajadores.<\/p>\n<p>&nbsp;<\/p>\n<p>\u201cComo es de p\u00fablico conocimiento, la empresa Mo\u00f1o Azul ha despedido a 30 empleados en la ciudad de General Roca. Con el antecedente de los 130 despidos de Expofrut, estas 30 familias se suman a las v\u00edctimas directas de la crisis en que se encuentra la actividad frut\u00edcola, que no solo afecta a peque\u00f1os productores sino tambi\u00e9n a empresas exportadoras, fundamentalmente a sus trabajadores\u201d dijo la diputada del Frente para Victoria.<\/p>\n<p>&nbsp;<\/p>\n<p>Denunci\u00f3 que \u201clos trabajadores alegan que Mo\u00f1o Azul, solo quiere pagarles el 30 o el 40% de la indemnizaci\u00f3n que por ley les corresponde\u201d.<\/p>\n<p>&nbsp;<\/p>\n<p>Las manzanas Mo\u00f1o Azul se hicieron conocidas, entre otras cosas, porque el conductor Gerardo Sofovich hac\u00eda un programa en que jugaban a cortar la fruta en dos partes iguales.<\/p>\n","protected":false},"excerpt":{"rendered":"<p>La compa\u00f1\u00eda no quiere pagar la totalidad de las indemnizaciones y negocia con los empleados. Expofrut ya hab\u00eda despedido a 130 trabajadores por la crisis &nbsp; &nbsp; &nbsp; &nbsp; La emblem\u00e1tica empresa de manzanas Mo\u00f1o Azul comenz\u00f3 con el cierre de su planta en General Roca, R\u00edo Negro, y despidi\u00f3 a 30 trabajadores. &nbsp; El sector frut\u00edcola atraviesa una dura crisis. En primer lugar, la apertura de importaciones llev\u00f3 a que lleguen manzanas desde Chile. En segundo lugar hay un problema en la cadena de valor: en la g\u00f3ndola, la&#8230;<\/p>\n","protected":false},"author":3,"featured_media":8978,"comment_status":"closed","ping_status":"closed","sticky":false,"template":"","format":"standard","meta":[],"categories":[18],"tags":[],"_links":{"self":[{"href":"https:\/\/www.actualidadadiario.com\/index.php\/wp-json\/wp\/v2\/posts\/8977"}],"collection":[{"href":"https:\/\/www.actualidadadiario.com\/index.php\/wp-json\/wp\/v2\/posts"}],"about":[{"href":"https:\/\/www.actualidadadiario.com\/index.php\/wp-json\/wp\/v2\/types\/post"}],"author":[{"embeddable":true,"href":"https:\/\/www.actualidadadiario.com\/index.php\/wp-json\/wp\/v2\/users\/3"}],"replies":[{"embeddable":true,"href":"https:\/\/www.actualidadadiario.com\/index.php\/wp-json\/wp\/v2\/comments?post=8977"}],"version-history":[{"count":1,"href":"https:\/\/www.actualidadadiario.com\/index.php\/wp-json\/wp\/v2\/posts\/8977\/revisions"}],"predecessor-version":[{"id":8979,"href":"https:\/\/www.actualidadadiario.com\/index.php\/wp-json\/wp\/v2\/posts\/8977\/revisions\/8979"}],"wp:featuredmedia":[{"embeddable":true,"href":"https:\/\/www.actualidadadiario.com\/index.php\/wp-json\/wp\/v2\/media\/8978"}],"wp:attachment":[{"href":"https:\/\/www.actualidadadiario.com\/index.php\/wp-json\/wp\/v2\/media?parent=8977"}],"wp:term":[{"taxonomy":"category","embeddable":true,"href":"https:\/\/www.actualidadadiario.com\/index.php\/wp-json\/wp\/v2\/categories?post=8977"},{"taxonomy":"post_tag","embeddable":true,"href":"https:\/\/www.actualidadadiario.com\/index.php\/wp-json\/wp\/v2\/tags?post=8977"}],"curies":[{"name":"wp","href":"https:\/\/api.w.org\/{rel}","templated":true}]}}