{"id":8974,"date":"2017-03-24T11:17:06","date_gmt":"2017-03-24T14:17:06","guid":{"rendered":"http:\/\/actualidadadiario.com\/site\/?p=8974"},"modified":"2017-03-24T11:17:06","modified_gmt":"2017-03-24T14:17:06","slug":"esteban-bullrich-nunca-estuve-frente-a-un-aula","status":"publish","type":"post","link":"https:\/\/www.actualidadadiario.com\/index.php\/2017\/03\/24\/esteban-bullrich-nunca-estuve-frente-a-un-aula\/","title":{"rendered":"Esteban Bullrich: &#8220;Nunca estuve frente a un aula&#8221;"},"content":{"rendered":"<p><em><strong>El ministro de Educaci\u00f3n de la Naci\u00f3n habl\u00f3 con Ernesto Tenembaum, confirm\u00f3 que no se llamar\u00e1 a la paritaria nacional docente, y sorprendi\u00f3 al contar que nunca estuvo &#8220;frente a un aula&#8221;<\/strong><\/em><\/p>\n<p>&nbsp;<\/p>\n<p>&nbsp;<\/p>\n<p>&nbsp;<\/p>\n<p>&nbsp;<\/p>\n<p>El conflicto docente nacional se ve cada vez m\u00e1s lejos de arreglarse. A cumplirse dos semanas en el reclamo de los maestros bonaerenses de abrir la paritaria nacional, el ministro de Educaci\u00f3n, Esteban Bullrich confirm\u00f3 que no lo har\u00e1n desde el Gobierno.<\/p>\n<p>&nbsp;<\/p>\n<p>Bullrich estuvo presente en el programa de Ernesto Tenembaum por Radio Con Vos, donde respondi\u00f3 varias preguntas de los oyentes, entre las que se encontraban consultas como &#8220;\u00bfpodr\u00eda vivir con el sueldo de un maestro?, \u00bfc\u00f3mo ser\u00eda su situaci\u00f3n? y revel\u00f3 que no es docente y que nunca estuvo &#8220;frente a un aula&#8221;.<\/p>\n<p>&nbsp;<\/p>\n<p>\u201cGano casi 90.000 pesos en la mano, pero no nos comparen con el piso salarial de un docente. Yo tengo mucha responsabilidad. Creo que no es una diferencia equivocada\u201d, justific\u00f3 el funcionario, adem\u00e1s admiti\u00f3 que no es docente: \u201cNo soy de profesi\u00f3n docente, nunca estuve frente a un aula\u201d, confes\u00f3.<\/p>\n<p>&nbsp;<\/p>\n<p>Esta confirmaci\u00f3n viene a colaci\u00f3n luego de la campa\u00f1a que se gener\u00f3 al poner en duda los estudios del secretario general del Sindicato Unificado de Trabajadores de la Educaci\u00f3n de Buenos Aires (Suteba), Roberto Baradel, que fue interpelado en TN, por el periodista Nicol\u00e1s Wi\u00f1azki, que se basaba en denuncias que aseguraban que el dirigente no ten\u00eda t\u00edtulo docente.<\/p>\n","protected":false},"excerpt":{"rendered":"<p>El ministro de Educaci\u00f3n de la Naci\u00f3n habl\u00f3 con Ernesto Tenembaum, confirm\u00f3 que no se llamar\u00e1 a la paritaria nacional docente, y sorprendi\u00f3 al contar que nunca estuvo &#8220;frente a un aula&#8221; &nbsp; &nbsp; &nbsp; &nbsp; El conflicto docente nacional se ve cada vez m\u00e1s lejos de arreglarse. A cumplirse dos semanas en el reclamo de los maestros bonaerenses de abrir la paritaria nacional, el ministro de Educaci\u00f3n, Esteban Bullrich confirm\u00f3 que no lo har\u00e1n desde el Gobierno. &nbsp; Bullrich estuvo presente en el programa de Ernesto Tenembaum por Radio&#8230;<\/p>\n","protected":false},"author":3,"featured_media":8975,"comment_status":"closed","ping_status":"closed","sticky":false,"template":"","format":"standard","meta":[],"categories":[18],"tags":[],"_links":{"self":[{"href":"https:\/\/www.actualidadadiario.com\/index.php\/wp-json\/wp\/v2\/posts\/8974"}],"collection":[{"href":"https:\/\/www.actualidadadiario.com\/index.php\/wp-json\/wp\/v2\/posts"}],"about":[{"href":"https:\/\/www.actualidadadiario.com\/index.php\/wp-json\/wp\/v2\/types\/post"}],"author":[{"embeddable":true,"href":"https:\/\/www.actualidadadiario.com\/index.php\/wp-json\/wp\/v2\/users\/3"}],"replies":[{"embeddable":true,"href":"https:\/\/www.actualidadadiario.com\/index.php\/wp-json\/wp\/v2\/comments?post=8974"}],"version-history":[{"count":1,"href":"https:\/\/www.actualidadadiario.com\/index.php\/wp-json\/wp\/v2\/posts\/8974\/revisions"}],"predecessor-version":[{"id":8976,"href":"https:\/\/www.actualidadadiario.com\/index.php\/wp-json\/wp\/v2\/posts\/8974\/revisions\/8976"}],"wp:featuredmedia":[{"embeddable":true,"href":"https:\/\/www.actualidadadiario.com\/index.php\/wp-json\/wp\/v2\/media\/8975"}],"wp:attachment":[{"href":"https:\/\/www.actualidadadiario.com\/index.php\/wp-json\/wp\/v2\/media?parent=8974"}],"wp:term":[{"taxonomy":"category","embeddable":true,"href":"https:\/\/www.actualidadadiario.com\/index.php\/wp-json\/wp\/v2\/categories?post=8974"},{"taxonomy":"post_tag","embeddable":true,"href":"https:\/\/www.actualidadadiario.com\/index.php\/wp-json\/wp\/v2\/tags?post=8974"}],"curies":[{"name":"wp","href":"https:\/\/api.w.org\/{rel}","templated":true}]}}