{"id":8965,"date":"2017-03-24T11:13:00","date_gmt":"2017-03-24T14:13:00","guid":{"rendered":"http:\/\/actualidadadiario.com\/site\/?p=8965"},"modified":"2017-03-24T11:13:00","modified_gmt":"2017-03-24T14:13:00","slug":"estiman-que-la-puesta-en-marcha-de-obras-del-procrear-impulsara-el-consumo-en-un-15","status":"publish","type":"post","link":"https:\/\/www.actualidadadiario.com\/index.php\/2017\/03\/24\/estiman-que-la-puesta-en-marcha-de-obras-del-procrear-impulsara-el-consumo-en-un-15\/","title":{"rendered":"Estiman que la puesta en marcha de obras del Procrear impulsar\u00e1 el consumo en un 15%"},"content":{"rendered":"<p><em><strong>La puesta en marcha de las obras que se realizar\u00e1n por medio de los cr\u00e9ditos del plan oficial de financiamiento Procrear impulsar\u00e1 el consumo hasta en un 15% en el segundo semestre para algunos rubros como la venta de materiales, muebler\u00edas y electrodom\u00e9sticos, estim\u00f3 este viernes un estudio privado<\/strong><\/em><\/p>\n<p>&nbsp;<\/p>\n<p>&nbsp;<\/p>\n<p>&nbsp;<\/p>\n<p>&nbsp;<\/p>\n<p>&nbsp;<\/p>\n<p>El an\u00e1lisis realizado por el Instituto de Estudios de Consumo Masivo (INDECOM) indica que el plan crediticio beneficiar\u00e1 indirectamente el consumo de bienes durables, la producci\u00f3n y el empleo en todo el pa\u00eds.<\/p>\n<p>&nbsp;<\/p>\n<p>La iniciativa relanzada por el Gobierno el 11 de este mes involucra un total de 85.000 millones de pesos en diversas l\u00edneas y apunta a otorgar pr\u00e9stamos con tasa baja, a 30 a\u00f1os m\u00e1ximo y con subsidio estatal, a unas 150 mil familias.<\/p>\n<p>&nbsp;<\/p>\n<p>El paquete total de cr\u00e9ditos se dividi\u00f3 en diversas modalidades: Soluci\u00f3n Construcci\u00f3n, Desarrollos Urban\u00edsticos, Lotes con Servicios y Microcr\u00e9ditos y, adem\u00e1s, incorpor\u00f3 el plan Soluci\u00f3n Casa Propia.<\/p>\n<p>&nbsp;<\/p>\n<p>Esa \u00faltima alternativa servir\u00e1 para la adquisici\u00f3n de unidades por un valor de hasta 1.650.000 pesos, con un aporte de 400 mil pesos a cargo del Estado, un m\u00ednimo de capital exigido del 10 por ciento del valor total de la operaci\u00f3n y cuotas de entre 2000 y 8500 pesos, seg\u00fan el tipo de pr\u00e9stamo obtenido.<\/p>\n<p>&nbsp;<\/p>\n<p>Miguel Calvete, presidente de Indecom, dijo el sondeo de opini\u00f3n sobre el eventual impacto del Procrear se realiz\u00f3 durante los siete d\u00edas posteriores al anuncio oficial entre los referentes de las c\u00e1maras empresarias nacionales.<\/p>\n<p>&nbsp;<\/p>\n<p>Se consult\u00f3 a due\u00f1os de empresas de la construcci\u00f3n, cer\u00e1micos, sanitarios, metalurgia, muebler\u00edas, casas de electrodom\u00e9sticos, volquetes, gr\u00faas, aperturas, empresas constructoras, estudios de arquitectura y agrimensura, entre otros.<\/p>\n<p>&nbsp;<\/p>\n<p>El informe destaca que &#8220;en todos los casos coincidieron en respaldar la iniciativa y la observan como un puntapi\u00e9 inicial para la recuperaci\u00f3n del consumo de esos rubros, que en 2016 se desmoron\u00f3 entre un 20% y un 35%&#8221;.<\/p>\n<p>&nbsp;<\/p>\n<p>En cuanto a los \u00edndices de reactivaci\u00f3n, el trabajo arroj\u00f3 que &#8220;el rubro m\u00e1s beneficiado ser\u00eda el de los materiales para la construcci\u00f3n y derivados, en donde se proyecta un aumento de producci\u00f3n y ventas de alrededor de entre el 20% y el 25% desde la adjudicaci\u00f3n de los planes&#8221;.<\/p>\n<p>&nbsp;<\/p>\n<p>Las muebler\u00edas y las casas de electrodom\u00e9sticos ocupar\u00edan el segundo lugar con subas de entre el 15% y un 18% y el resto de los rubros esperan una mejora del 7% al 12% promedio.<\/p>\n<p>&nbsp;<\/p>\n<p>La proyecci\u00f3n marca un aumento en el empleo derivado de la reactivaci\u00f3n en la construcci\u00f3n: en mano de obra directa, se estima que el incremento podr\u00eda superar el 10%, mientras que, indirectamente, el trabajo en los rubros industriales relacionados, especialmente en peque\u00f1as y medianas empresas, crecer\u00eda m\u00e1s de un 12%.<\/p>\n","protected":false},"excerpt":{"rendered":"<p>La puesta en marcha de las obras que se realizar\u00e1n por medio de los cr\u00e9ditos del plan oficial de financiamiento Procrear impulsar\u00e1 el consumo hasta en un 15% en el segundo semestre para algunos rubros como la venta de materiales, muebler\u00edas y electrodom\u00e9sticos, estim\u00f3 este viernes un estudio privado &nbsp; &nbsp; &nbsp; &nbsp; &nbsp; El an\u00e1lisis realizado por el Instituto de Estudios de Consumo Masivo (INDECOM) indica que el plan crediticio beneficiar\u00e1 indirectamente el consumo de bienes durables, la producci\u00f3n y el empleo en todo el pa\u00eds. &nbsp; La iniciativa&#8230;<\/p>\n","protected":false},"author":3,"featured_media":8966,"comment_status":"closed","ping_status":"closed","sticky":false,"template":"","format":"standard","meta":[],"categories":[2],"tags":[],"_links":{"self":[{"href":"https:\/\/www.actualidadadiario.com\/index.php\/wp-json\/wp\/v2\/posts\/8965"}],"collection":[{"href":"https:\/\/www.actualidadadiario.com\/index.php\/wp-json\/wp\/v2\/posts"}],"about":[{"href":"https:\/\/www.actualidadadiario.com\/index.php\/wp-json\/wp\/v2\/types\/post"}],"author":[{"embeddable":true,"href":"https:\/\/www.actualidadadiario.com\/index.php\/wp-json\/wp\/v2\/users\/3"}],"replies":[{"embeddable":true,"href":"https:\/\/www.actualidadadiario.com\/index.php\/wp-json\/wp\/v2\/comments?post=8965"}],"version-history":[{"count":1,"href":"https:\/\/www.actualidadadiario.com\/index.php\/wp-json\/wp\/v2\/posts\/8965\/revisions"}],"predecessor-version":[{"id":8967,"href":"https:\/\/www.actualidadadiario.com\/index.php\/wp-json\/wp\/v2\/posts\/8965\/revisions\/8967"}],"wp:featuredmedia":[{"embeddable":true,"href":"https:\/\/www.actualidadadiario.com\/index.php\/wp-json\/wp\/v2\/media\/8966"}],"wp:attachment":[{"href":"https:\/\/www.actualidadadiario.com\/index.php\/wp-json\/wp\/v2\/media?parent=8965"}],"wp:term":[{"taxonomy":"category","embeddable":true,"href":"https:\/\/www.actualidadadiario.com\/index.php\/wp-json\/wp\/v2\/categories?post=8965"},{"taxonomy":"post_tag","embeddable":true,"href":"https:\/\/www.actualidadadiario.com\/index.php\/wp-json\/wp\/v2\/tags?post=8965"}],"curies":[{"name":"wp","href":"https:\/\/api.w.org\/{rel}","templated":true}]}}