{"id":896,"date":"2016-09-12T09:47:59","date_gmt":"2016-09-12T12:47:59","guid":{"rendered":"http:\/\/actualidadadiario.com\/site\/?p=896"},"modified":"2016-09-12T09:47:59","modified_gmt":"2016-09-12T12:47:59","slug":"continua-la-tarea-de-relevamiento-de-vinedos-para-crear-la-ruta-del-vino-entrerriano","status":"publish","type":"post","link":"https:\/\/www.actualidadadiario.com\/index.php\/2016\/09\/12\/continua-la-tarea-de-relevamiento-de-vinedos-para-crear-la-ruta-del-vino-entrerriano\/","title":{"rendered":"Contin\u00faa la tarea de relevamiento de vi\u00f1edos para crear La ruta del vino entrerriano"},"content":{"rendered":"<p><em><strong>El gobierno provincial sigue adelante con la tarea de relevamiento de vi\u00f1edos y bodegas con la idea de crear un nuevo producto tur\u00edstico, que vincule la creciente producci\u00f3n vitivin\u00edcola existente en Entre R\u00edos con emprendimientos relacionados con el turismo<\/strong><\/em><\/p>\n<p>&nbsp;<\/p>\n<p>&nbsp;<\/p>\n<p>&nbsp;<\/p>\n<p>En ese marco, el ministro de Turismo, Adri\u00e1n Fuertes, recorri\u00f3 el s\u00e1bado tres vi\u00f1edos ubicados en los departamentos Victoria y Diamante, y analiz\u00f3 junto a sus propietarios las estrategias para avanzar en la creaci\u00f3n de un recorrido tur\u00edstico que los vincule.<\/p>\n<p>&#8220;Tenemos el pleno convencimiento de que los vi\u00f1edos pueden convertirse en un potente producto tur\u00edstico, que nos va a permitir diversificar nuestra oferta y atraer a un nuevo p\u00fablico\u201d, se\u00f1al\u00f3 el titular de la cartera de Turismo.<\/p>\n<p>Fuertes se entrevist\u00f3 en primer t\u00e9rmino con Iv\u00e1n Ben\u00edtez, responsable del emprendimiento \u201cColinas de Baco\u201d, ubicada en la ciudad de Victoria. Acompa\u00f1ado por el intendente de esa ciudad, Domingo Maiocco, y por la titular del \u00e1rea tur\u00edstica municipal, Lina Pereyra, el ministro analiz\u00f3 estrategias para avanzar en la confecci\u00f3n de un circuito local, que abarque a los vi\u00f1edos ubicados en la regi\u00f3n.<\/p>\n<p>\u201cLo que buscamos es configurar un producto s\u00f3lido, bien definido. Queremos que cuando llegue el turista a recorrer la ruta del vino entrerriano se encuentre con un circuito preciso, buenos servicios y una infraestructura acorde, de manera que se vaya de aqu\u00ed sorprendido, satisfecho y con deseos de regresar\u201d, indic\u00f3 Fuertes.<\/p>\n<p>El recorrido continu\u00f3 en la finca La Paula, ubicada sobre la ruta 26, a escasos kil\u00f3metros de Victoria. All\u00ed, el ministro se interioriz\u00f3 sobre la tarea que viene realizando su propietario, Rub\u00e9n Tealdi, uno de los pioneros del renacer de la vitivinicultura en esa regi\u00f3n entrerriana.<\/p>\n<p>Finalmente, Fuertes se traslad\u00f3 a Las Cuevas, donde acompa\u00f1ado por la presidenta de la Junta de Gobierno, Susana Sol\u00eds, visit\u00f3 un vi\u00f1edo de propiedad de Gabriel Basaldella, quien inici\u00f3 un emprendimiento tur\u00edstico en esa localidad.<\/p>\n<p>\u201cDesde hace tiempo se vienen haciendo esfuerzos para fortalecer el enoturismo y Tealdi es uno de los precursores, por lo que su experiencia nos resulta muy enriquecedora para configurar la ruta del vino entrerriano. Nuestra intenci\u00f3n es que esos esfuerzos solitarios, desarticulados, que vienen realizando productores, el INTA y algunos municipios, se configuren finalmente en una propuesta s\u00f3lida\u201d, puntualiz\u00f3 el ministro.<\/p>\n","protected":false},"excerpt":{"rendered":"<p>El gobierno provincial sigue adelante con la tarea de relevamiento de vi\u00f1edos y bodegas con la idea de crear un nuevo producto tur\u00edstico, que vincule la creciente producci\u00f3n vitivin\u00edcola existente en Entre R\u00edos con emprendimientos relacionados con el turismo &nbsp; &nbsp; &nbsp; En ese marco, el ministro de Turismo, Adri\u00e1n Fuertes, recorri\u00f3 el s\u00e1bado tres vi\u00f1edos ubicados en los departamentos Victoria y Diamante, y analiz\u00f3 junto a sus propietarios las estrategias para avanzar en la creaci\u00f3n de un recorrido tur\u00edstico que los vincule. &#8220;Tenemos el pleno convencimiento de que los&#8230;<\/p>\n","protected":false},"author":3,"featured_media":897,"comment_status":"closed","ping_status":"closed","sticky":false,"template":"","format":"standard","meta":[],"categories":[15],"tags":[],"_links":{"self":[{"href":"https:\/\/www.actualidadadiario.com\/index.php\/wp-json\/wp\/v2\/posts\/896"}],"collection":[{"href":"https:\/\/www.actualidadadiario.com\/index.php\/wp-json\/wp\/v2\/posts"}],"about":[{"href":"https:\/\/www.actualidadadiario.com\/index.php\/wp-json\/wp\/v2\/types\/post"}],"author":[{"embeddable":true,"href":"https:\/\/www.actualidadadiario.com\/index.php\/wp-json\/wp\/v2\/users\/3"}],"replies":[{"embeddable":true,"href":"https:\/\/www.actualidadadiario.com\/index.php\/wp-json\/wp\/v2\/comments?post=896"}],"version-history":[{"count":1,"href":"https:\/\/www.actualidadadiario.com\/index.php\/wp-json\/wp\/v2\/posts\/896\/revisions"}],"predecessor-version":[{"id":898,"href":"https:\/\/www.actualidadadiario.com\/index.php\/wp-json\/wp\/v2\/posts\/896\/revisions\/898"}],"wp:featuredmedia":[{"embeddable":true,"href":"https:\/\/www.actualidadadiario.com\/index.php\/wp-json\/wp\/v2\/media\/897"}],"wp:attachment":[{"href":"https:\/\/www.actualidadadiario.com\/index.php\/wp-json\/wp\/v2\/media?parent=896"}],"wp:term":[{"taxonomy":"category","embeddable":true,"href":"https:\/\/www.actualidadadiario.com\/index.php\/wp-json\/wp\/v2\/categories?post=896"},{"taxonomy":"post_tag","embeddable":true,"href":"https:\/\/www.actualidadadiario.com\/index.php\/wp-json\/wp\/v2\/tags?post=896"}],"curies":[{"name":"wp","href":"https:\/\/api.w.org\/{rel}","templated":true}]}}