{"id":8953,"date":"2017-03-24T11:09:18","date_gmt":"2017-03-24T14:09:18","guid":{"rendered":"http:\/\/actualidadadiario.com\/site\/?p=8953"},"modified":"2017-03-24T11:09:18","modified_gmt":"2017-03-24T14:09:18","slug":"el-senado-dio-media-sancion-a-la-ley-de-la-madera","status":"publish","type":"post","link":"https:\/\/www.actualidadadiario.com\/index.php\/2017\/03\/24\/el-senado-dio-media-sancion-a-la-ley-de-la-madera\/","title":{"rendered":"El Senado dio media sanci\u00f3n a la Ley de la Madera"},"content":{"rendered":"<p><em><strong>La C\u00e1mara de Senadores vot\u00f3 este jueves el proyecto del Ejecutivo que crea el &#8220;Plan Maderero Entrerriano&#8221; tendiente a la \u201cpromoci\u00f3n, desarrollo y sustentamiento de la actividad foresto industrial\u201d. Este proyecto habilitar\u00e1 la comercializaci\u00f3n con la Rep\u00fablica Oriental del Uruguay, prohibida por la ley 9759, luego del conflicto con Botnia<\/strong><\/em><\/p>\n<p>&nbsp;<\/p>\n<p>&nbsp;<\/p>\n<p>&nbsp;<\/p>\n<p>La sesi\u00f3n fue presidida por el vicegobernador, Ad\u00e1n Bahl y cont\u00f3 con la presencia de los 17 senadores. El expediente 1803, del Poder Ejecutivo, baj\u00f3 al recinto con dictamen de comisi\u00f3n y con modificaciones. Fue el senador por Villaguay, Mario Torres (FPV), quien preside la comisi\u00f3n de Producci\u00f3n, qui\u00e9n pidi\u00f3 el tratamiento sobre tablas y fuera de lista en la primera sesi\u00f3n ordinaria del 2017.<\/p>\n<p>&nbsp;<\/p>\n<p>La fundamentaci\u00f3n vers\u00f3 sobre la reactivaci\u00f3n de la actividad foresto industrial y la necesidad de cuidar las fuentes laborales. Dijo que en comisi\u00f3n se hab\u00edan escuchado \u201ctodos los sectores\u201d, incluidas las \u201corganizaciones ambientalistas\u201d y pidi\u00f3 el acompa\u00f1amiento de sus pares.<\/p>\n<p>&nbsp;<\/p>\n<p>El senador por Gualeguaych\u00fa, Nicol\u00e1s Mattiauda (Cambiemos), pidi\u00f3 la palabra para explicar su dictamen de minor\u00eda en contra del proyecto y se\u00f1al\u00f3 que la iniciativa \u201catenta contra la lucha ambientalista\u201d de la provincia contra la instalaci\u00f3n de las pasteras uruguayas. Pese a haber anunciado su voto negativo, el senador por Gualeguaych\u00fa se distrajo y levant\u00f3 la mano cuando el proyecto era votado en general. Luego aclar\u00f3 que no quiso hacerlo y pidi\u00f3 que conste en acta su voto negativo. La votaci\u00f3n en particular tampoco tuvo el voto de Mattiauda.<\/p>\n<p>&nbsp;<\/p>\n<p>El proyecto pas\u00f3 ahora a Diputados para su tratamiento.<\/p>\n<p>&nbsp;<\/p>\n<p>&nbsp;<\/p>\n<p>&nbsp;<\/p>\n<p><strong>Mejoras de inmuebles<\/strong><\/p>\n<p>El otro proyecto del Poder Ejecutivo que fue aprobado y pas\u00f3 a la C\u00e1mara de Diputados para su revisi\u00f3n es el que establece \u201cun r\u00e9gimen declarativo, voluntario y excepcional de incorporaci\u00f3n de mejoras introducidas en inmuebles situados en el territorio provincial y no denunciadas en tiempo y forma ante la Direcci\u00f3n de Catastro\u201d. Dicho proyecto de ley hab\u00eda sido presentado 24 de noviembre\/2016 por parte del Poder Ejecutivo provincial y en la fecha, luego del tratamiento sobre tablas recibi\u00f3 la aprobaci\u00f3n del cuerpo de Senadores.<\/p>\n<p>&nbsp;<\/p>\n<p>&nbsp;<\/p>\n<p>&nbsp;<\/p>\n<p><strong>Pliego del vocal del STJ y pedido de informes<\/strong><\/p>\n<p>Ingres\u00f3 el pliego del vocal del Superior Tribunal de Justicia, Miguel \u00c1ngel Giorgio, el que pas\u00f3 a la Comisi\u00f3n de Asuntos Constitucionales y Acuerdos para su tratamiento.<\/p>\n<p>&nbsp;<\/p>\n<p>&nbsp;<\/p>\n<p>&nbsp;<\/p>\n<p>Por otra parte el Senador Nicol\u00e1s Mattiauda (Cambiemos) present\u00f3 dos pedidos de informe dirigidos al Superior Tribunal de Justica\u00a0 y relacionado el primero a la reglamentaci\u00f3n de vi\u00e1ticos y traslados, acompa\u00f1aron con la firma el senador Kisser y el presidente del Bloque de Cambiemos, Roque Ferrari. Y el otro en relaci\u00f3n al origen de los fondos que recibe el Instituto de Formaci\u00f3n y Perfeccionamiento Judicial \u201cJ.B. Alberdi\u201d.<\/p>\n<p>&nbsp;<\/p>\n<p>&nbsp;<\/p>\n<p><strong>Homenajes<\/strong><\/p>\n<p>Se rindi\u00f3 homenaje a los detenidos desaparecidos del 24 de marzo de 1976; a las mujeres entrerrianas en su d\u00eda, el pasado 8 de marzo; al natalicio de Marcelo Torcuato de Alvear, y a los ca\u00eddos en la guerra de Malvinas, de la que se cumplir\u00e1n 35 a\u00f1os el pr\u00f3ximo 2 de abril.<\/p>\n<p>&nbsp;<\/p>\n<p>Tambi\u00e9n se record\u00f3 al intendente de Villa del Rosario, Claudio Baldezari.<\/p>\n","protected":false},"excerpt":{"rendered":"<p>La C\u00e1mara de Senadores vot\u00f3 este jueves el proyecto del Ejecutivo que crea el &#8220;Plan Maderero Entrerriano&#8221; tendiente a la \u201cpromoci\u00f3n, desarrollo y sustentamiento de la actividad foresto industrial\u201d. Este proyecto habilitar\u00e1 la comercializaci\u00f3n con la Rep\u00fablica Oriental del Uruguay, prohibida por la ley 9759, luego del conflicto con Botnia &nbsp; &nbsp; &nbsp; La sesi\u00f3n fue presidida por el vicegobernador, Ad\u00e1n Bahl y cont\u00f3 con la presencia de los 17 senadores. El expediente 1803, del Poder Ejecutivo, baj\u00f3 al recinto con dictamen de comisi\u00f3n y con modificaciones. Fue el senador&#8230;<\/p>\n","protected":false},"author":3,"featured_media":8954,"comment_status":"closed","ping_status":"closed","sticky":false,"template":"","format":"standard","meta":[],"categories":[15],"tags":[],"_links":{"self":[{"href":"https:\/\/www.actualidadadiario.com\/index.php\/wp-json\/wp\/v2\/posts\/8953"}],"collection":[{"href":"https:\/\/www.actualidadadiario.com\/index.php\/wp-json\/wp\/v2\/posts"}],"about":[{"href":"https:\/\/www.actualidadadiario.com\/index.php\/wp-json\/wp\/v2\/types\/post"}],"author":[{"embeddable":true,"href":"https:\/\/www.actualidadadiario.com\/index.php\/wp-json\/wp\/v2\/users\/3"}],"replies":[{"embeddable":true,"href":"https:\/\/www.actualidadadiario.com\/index.php\/wp-json\/wp\/v2\/comments?post=8953"}],"version-history":[{"count":1,"href":"https:\/\/www.actualidadadiario.com\/index.php\/wp-json\/wp\/v2\/posts\/8953\/revisions"}],"predecessor-version":[{"id":8955,"href":"https:\/\/www.actualidadadiario.com\/index.php\/wp-json\/wp\/v2\/posts\/8953\/revisions\/8955"}],"wp:featuredmedia":[{"embeddable":true,"href":"https:\/\/www.actualidadadiario.com\/index.php\/wp-json\/wp\/v2\/media\/8954"}],"wp:attachment":[{"href":"https:\/\/www.actualidadadiario.com\/index.php\/wp-json\/wp\/v2\/media?parent=8953"}],"wp:term":[{"taxonomy":"category","embeddable":true,"href":"https:\/\/www.actualidadadiario.com\/index.php\/wp-json\/wp\/v2\/categories?post=8953"},{"taxonomy":"post_tag","embeddable":true,"href":"https:\/\/www.actualidadadiario.com\/index.php\/wp-json\/wp\/v2\/tags?post=8953"}],"curies":[{"name":"wp","href":"https:\/\/api.w.org\/{rel}","templated":true}]}}