{"id":8950,"date":"2017-03-24T11:08:20","date_gmt":"2017-03-24T14:08:20","guid":{"rendered":"http:\/\/actualidadadiario.com\/site\/?p=8950"},"modified":"2017-03-24T11:08:20","modified_gmt":"2017-03-24T14:08:20","slug":"compre-entrerriano-para-apoyar-la-produccion-local","status":"publish","type":"post","link":"https:\/\/www.actualidadadiario.com\/index.php\/2017\/03\/24\/compre-entrerriano-para-apoyar-la-produccion-local\/","title":{"rendered":"Compre Entrerriano para apoyar la producci\u00f3n local"},"content":{"rendered":"<p><em><strong>El Secretario de Comercio de la Provincia, N\u00e9stor Loggio, se reuni\u00f3 con los directivos del Consejo Provincial del Consumo (Coprocin), encabezados por su titular, Daniel Refatti, con quienes acord\u00f3 trabajar en conjunto en el desarrollo de la Asociaci\u00f3n de Cooperativas Entrerrianas. El objetivo es lograr la conformaci\u00f3n de redes de compra en las distintas ciudades con el fin de bajar costos<\/strong><\/em><\/p>\n<p>&nbsp;<\/p>\n<p>&nbsp;<\/p>\n<p>&nbsp;<\/p>\n<p>&nbsp;<\/p>\n<p>El Coprocin es un \u00f3rgano de consulta y asesor\u00eda permanente del Poder Ejecutivo que est\u00e1 representado por el Estado provincial y por 42 instituciones. Se trata de un instituto que surge de la letra de la Ley N\u00ba 9.393, m\u00e1s conocida como Ley de Grandes Superficies Comerciales.<\/p>\n<p>&nbsp;<\/p>\n<p>Tanto Loggio como el presidente del Coprocin coincidieron en fomentar el Compre Entrerriano para lograr un mayor desarrollo de los productos de la regi\u00f3n: \u201cEstado y pymes productivas, comercio y servicios deben trabajar en conjunto para lograr a\u00fan m\u00e1s desarrollo para la provincia. Es nuestra tarea desde la Secretar\u00eda de Comercio del Ministerio de Producci\u00f3n fomentar la actividad comercial, por lo que la Direcci\u00f3n General de Comercio Interior, a cargo de Jes\u00fas P\u00e9rez Mendoza, tendr\u00e1 la tarea de privilegiar el trabajo entrerriano y su producci\u00f3n\u201d.<\/p>\n<p>&nbsp;<\/p>\n<p>Por su parte, P\u00e9rez Mendoza dijo: \u201cDestaco sobremanera la importancia que revisten los espacios de articulaci\u00f3n entre las actividades p\u00fablicas y privadas como canal para lograr los mejores resultados en pos del mejoramiento de las condiciones de vida de toda comunidad y, en el caso que nos ocupa, el de nuestra provincia\u201d.<\/p>\n<p>&nbsp;<\/p>\n<p>\u201cEn el encuentro mantenido con las flamantes autoridades de la asociaci\u00f3n, surgidas de la voluntad de los centros comerciales, pudimos intercambiar puntos de vista respecto de la actividad comercial, escuchar un n\u00famero importante de ideas que nos hicieron llegar y trazar incluso algunas l\u00edneas de trabajo a desarrollar en conjunto durante 2017. Desde el Estado podemos plantear las pol\u00edticas m\u00e1s ambiciosas en cuanto a sus logros, pero necesariamente su \u00e9xito estar\u00e1 dado por el grado de participaci\u00f3n y compromiso de aquellos a quienes van dirigidas\u201d, a\u00f1adi\u00f3.<\/p>\n<p>&nbsp;<\/p>\n<p>En ese sentido, consign\u00f3 que el fortalecimiento de los v\u00ednculos, din\u00e1mica y actividades de los actores del comercio de cada localidad fue uno de los asuntos abordados, entre muchos otros sobre los cuales se intercambiar\u00e1n ideas y estrategias previas a las reuniones del Consejo. \u201cComo autoridad de aplicaci\u00f3n de los postulados de la ley que da origen al mismo, saludamos este encuentro y deseamos los mayores \u00e9xitos en la gesti\u00f3n que inician los representantes de los centros comerciales\u201d, finaliz\u00f3 el funcionario.<\/p>\n<p>&nbsp;<\/p>\n<p>Por \u00faltimo, Refatti se comprometi\u00f3 a continuar en constante impulso como as\u00ed tambi\u00e9n trabajando mancomunadamente con el Estado provincial a favor de los comerciantes de la provincia. \u201cEl haber asumido el compromiso de presidir el Consejo nos hace ver varios puntos a desarrollar dentro de la gesti\u00f3n que nos toca, pero por sobre todo la preocupaci\u00f3n de la mayor\u00eda de los comerciantes entrerrianos, que es la reactivaci\u00f3n de las ventas, con los mejores y mayores beneficios, no solo para ellos, sino tambi\u00e9n para los consumidores, ya que si no hay consumo no hay ventas y por ende no hay crecimiento\u201d.<\/p>\n","protected":false},"excerpt":{"rendered":"<p>El Secretario de Comercio de la Provincia, N\u00e9stor Loggio, se reuni\u00f3 con los directivos del Consejo Provincial del Consumo (Coprocin), encabezados por su titular, Daniel Refatti, con quienes acord\u00f3 trabajar en conjunto en el desarrollo de la Asociaci\u00f3n de Cooperativas Entrerrianas. El objetivo es lograr la conformaci\u00f3n de redes de compra en las distintas ciudades con el fin de bajar costos &nbsp; &nbsp; &nbsp; &nbsp; El Coprocin es un \u00f3rgano de consulta y asesor\u00eda permanente del Poder Ejecutivo que est\u00e1 representado por el Estado provincial y por 42 instituciones. Se&#8230;<\/p>\n","protected":false},"author":3,"featured_media":8951,"comment_status":"closed","ping_status":"closed","sticky":false,"template":"","format":"standard","meta":[],"categories":[15],"tags":[],"_links":{"self":[{"href":"https:\/\/www.actualidadadiario.com\/index.php\/wp-json\/wp\/v2\/posts\/8950"}],"collection":[{"href":"https:\/\/www.actualidadadiario.com\/index.php\/wp-json\/wp\/v2\/posts"}],"about":[{"href":"https:\/\/www.actualidadadiario.com\/index.php\/wp-json\/wp\/v2\/types\/post"}],"author":[{"embeddable":true,"href":"https:\/\/www.actualidadadiario.com\/index.php\/wp-json\/wp\/v2\/users\/3"}],"replies":[{"embeddable":true,"href":"https:\/\/www.actualidadadiario.com\/index.php\/wp-json\/wp\/v2\/comments?post=8950"}],"version-history":[{"count":1,"href":"https:\/\/www.actualidadadiario.com\/index.php\/wp-json\/wp\/v2\/posts\/8950\/revisions"}],"predecessor-version":[{"id":8952,"href":"https:\/\/www.actualidadadiario.com\/index.php\/wp-json\/wp\/v2\/posts\/8950\/revisions\/8952"}],"wp:featuredmedia":[{"embeddable":true,"href":"https:\/\/www.actualidadadiario.com\/index.php\/wp-json\/wp\/v2\/media\/8951"}],"wp:attachment":[{"href":"https:\/\/www.actualidadadiario.com\/index.php\/wp-json\/wp\/v2\/media?parent=8950"}],"wp:term":[{"taxonomy":"category","embeddable":true,"href":"https:\/\/www.actualidadadiario.com\/index.php\/wp-json\/wp\/v2\/categories?post=8950"},{"taxonomy":"post_tag","embeddable":true,"href":"https:\/\/www.actualidadadiario.com\/index.php\/wp-json\/wp\/v2\/tags?post=8950"}],"curies":[{"name":"wp","href":"https:\/\/api.w.org\/{rel}","templated":true}]}}