{"id":8947,"date":"2017-03-24T11:07:13","date_gmt":"2017-03-24T14:07:13","guid":{"rendered":"http:\/\/actualidadadiario.com\/site\/?p=8947"},"modified":"2017-03-24T11:07:13","modified_gmt":"2017-03-24T14:07:13","slug":"buscamos-alternativas-que-puedan-cerrar-acuerdos-paritarios","status":"publish","type":"post","link":"https:\/\/www.actualidadadiario.com\/index.php\/2017\/03\/24\/buscamos-alternativas-que-puedan-cerrar-acuerdos-paritarios\/","title":{"rendered":"&#8220;Buscamos alternativas que puedan cerrar acuerdos paritarios&#8221;"},"content":{"rendered":"<p><em><strong>El gobernador, Gustavo Bordet, asegur\u00f3 que &#8220;no podemos comprometer un aumento que no podremos pagar&#8221; y agreg\u00f3 que &#8220;buscamos alternativas, estamos trabajando para encontrar soluciones&#8221;<\/strong><\/em><\/p>\n<p>&nbsp;<\/p>\n<p>&nbsp;<\/p>\n<p>&nbsp;<\/p>\n<p>En el marco de las actividades por la Semana de la Memoria, el gobernador Gustavo Bordet se refiri\u00f3 al conflicto con docentes y estatales.<\/p>\n<p>&nbsp;<\/p>\n<p>Explic\u00f3 que &#8220;nos preocupa mucho que haya chicos que est\u00e1n irregulares con el cumplimiento del cronograma del ciclo lectivo y vamos a seguir dialogando para encontrar una soluci\u00f3n. Continuaremos trabajando para encontrar una respuesta que nos permita el desarrollo de las clases con normalidad&#8221;.<\/p>\n<p>&nbsp;<\/p>\n<p>Asimismo, inform\u00f3 que &#8220;estamos evaluando una oferta para hacerla oportuna cuando realicemos la convocatoria. Esto depender\u00e1 de las negociaciones que llevemos adelante. Nuestra intenci\u00f3n es que sea cuanto antes, porque queremos normalizar el ciclo lectivo. Como gobierno, desde un principio, estuvimos convocando a paritarias. Fuimos una de las primeras provincias en convocar, porque no est\u00e1 en nuestros \u00e1nimos dilatar la situaci\u00f3n&#8221;.<\/p>\n<p>&nbsp;<\/p>\n<p>Remarc\u00f3 que &#8220;nos preocupa la educaci\u00f3n p\u00fablica, nos hemos formado en la educaci\u00f3n p\u00fablica y por eso queremos tener una educaci\u00f3n con calidad y excelencia. Tenemos que agotar todos los medios para encontrar una soluci\u00f3n satisfactoria&#8221;.<\/p>\n<p>&nbsp;<\/p>\n<p>Respecto a las paritarias con estatales, se\u00f1al\u00f3 que &#8220;hicimos una nueva propuesta, pasamos a cuarto intermedio porque estamos analizando las posibilidades econ\u00f3micas. Entendemos el reclamo y la legitimidad del mismo, pero tenemos una limitante que es la salud de nuestras finanzas. No podemos comprometer un aumento que no podremos pagar. En ese criterio de racionalidad es que venimos buscando alternativas que sean superadoras y puedan cerrar un acuerdo paritario&#8221;.<\/p>\n","protected":false},"excerpt":{"rendered":"<p>El gobernador, Gustavo Bordet, asegur\u00f3 que &#8220;no podemos comprometer un aumento que no podremos pagar&#8221; y agreg\u00f3 que &#8220;buscamos alternativas, estamos trabajando para encontrar soluciones&#8221; &nbsp; &nbsp; &nbsp; En el marco de las actividades por la Semana de la Memoria, el gobernador Gustavo Bordet se refiri\u00f3 al conflicto con docentes y estatales. &nbsp; Explic\u00f3 que &#8220;nos preocupa mucho que haya chicos que est\u00e1n irregulares con el cumplimiento del cronograma del ciclo lectivo y vamos a seguir dialogando para encontrar una soluci\u00f3n. Continuaremos trabajando para encontrar una respuesta que nos permita&#8230;<\/p>\n","protected":false},"author":3,"featured_media":8948,"comment_status":"closed","ping_status":"closed","sticky":false,"template":"","format":"standard","meta":[],"categories":[9,15],"tags":[],"_links":{"self":[{"href":"https:\/\/www.actualidadadiario.com\/index.php\/wp-json\/wp\/v2\/posts\/8947"}],"collection":[{"href":"https:\/\/www.actualidadadiario.com\/index.php\/wp-json\/wp\/v2\/posts"}],"about":[{"href":"https:\/\/www.actualidadadiario.com\/index.php\/wp-json\/wp\/v2\/types\/post"}],"author":[{"embeddable":true,"href":"https:\/\/www.actualidadadiario.com\/index.php\/wp-json\/wp\/v2\/users\/3"}],"replies":[{"embeddable":true,"href":"https:\/\/www.actualidadadiario.com\/index.php\/wp-json\/wp\/v2\/comments?post=8947"}],"version-history":[{"count":1,"href":"https:\/\/www.actualidadadiario.com\/index.php\/wp-json\/wp\/v2\/posts\/8947\/revisions"}],"predecessor-version":[{"id":8949,"href":"https:\/\/www.actualidadadiario.com\/index.php\/wp-json\/wp\/v2\/posts\/8947\/revisions\/8949"}],"wp:featuredmedia":[{"embeddable":true,"href":"https:\/\/www.actualidadadiario.com\/index.php\/wp-json\/wp\/v2\/media\/8948"}],"wp:attachment":[{"href":"https:\/\/www.actualidadadiario.com\/index.php\/wp-json\/wp\/v2\/media?parent=8947"}],"wp:term":[{"taxonomy":"category","embeddable":true,"href":"https:\/\/www.actualidadadiario.com\/index.php\/wp-json\/wp\/v2\/categories?post=8947"},{"taxonomy":"post_tag","embeddable":true,"href":"https:\/\/www.actualidadadiario.com\/index.php\/wp-json\/wp\/v2\/tags?post=8947"}],"curies":[{"name":"wp","href":"https:\/\/api.w.org\/{rel}","templated":true}]}}