{"id":8944,"date":"2017-03-24T11:06:06","date_gmt":"2017-03-24T14:06:06","guid":{"rendered":"http:\/\/actualidadadiario.com\/site\/?p=8944"},"modified":"2017-03-24T11:06:06","modified_gmt":"2017-03-24T14:06:06","slug":"bordet-recordo-el-inicio-de-la-dictadura-que-se-cobro-la-vida-de-30-mil-personas","status":"publish","type":"post","link":"https:\/\/www.actualidadadiario.com\/index.php\/2017\/03\/24\/bordet-recordo-el-inicio-de-la-dictadura-que-se-cobro-la-vida-de-30-mil-personas\/","title":{"rendered":"Bordet record\u00f3 el inici\u00f3 de la dictadura que \u201cse cobr\u00f3 la vida de 30 mil personas\u201d"},"content":{"rendered":"<p><em><strong>Acompa\u00f1ado por organismos de derechos humanos, el gobernador Gustavo Bordet dej\u00f3 inaugurada la muestra \u201cMemoria y resistencia durante la dictadura\u201d en el Museo de Casa de Gobierno. El objetivo es \u201crecordar este 24 de marzo de 1976, que es una fecha muy dolorosa, porque significa el comienzo de una dictadura feroz que se cobr\u00f3 la vida de 30 mil personas\u201d, afirm\u00f3 durante la apertura<\/strong><\/em><\/p>\n<p>&nbsp;<\/p>\n<p>&nbsp;<\/p>\n<p>&nbsp;<\/p>\n<p>El mandatario estuvo acompa\u00f1ado por el vicegobernador, Ad\u00e1n Bahl y el intendente de Paran\u00e1, Sergio Varisco. Tambi\u00e9n se hicieron presentes legisladores y funcionarios provinciales, la decana de la Facultad de Ciencias de la Educaci\u00f3n (Fcedu) de la Universidad Nacional de Entre R\u00edos (UNER), Gabriela Bergom\u00e1s, autoridades de la Universidad Aut\u00f3noma de Entre R\u00edos (Uader) organismos y militantes de derechos humanos, y amigos, familiares y ex presos pol\u00edticos.<\/p>\n<p>&nbsp;<\/p>\n<p>\u201cEl hecho de mantener la memoria, de seguir pidiendo la justicia que a\u00fan falta es una tarea permanente que tenemos quienes hemos militado y trabajado siempre dentro del campo de los derechos humanos\u201d, dijo Bordet ante los presentes, y agreg\u00f3: \u201cporque entendemos que no puede haber ning\u00fan tipo de reconciliaci\u00f3n si primero no existe la justicia para castigar a quienes cometieron estos cr\u00edmenes de lesa humanidad\u201d.<\/p>\n<p>&nbsp;<\/p>\n<p>El mandatario destac\u00f3 adem\u00e1s que en el marco del Mes de la Memoria, \u201cel gobierno quer\u00eda estar presente tambi\u00e9n de manera institucional\u201d, y destac\u00f3 la creaci\u00f3n del Museo de Casa de Gobierno \u201cpara realizar este tipo de eventos y exposiciones que rescaten nuestro acervo cultural, patrimonial y, como en este caso, nuestra memoria\u201d.<\/p>\n<p>&nbsp;<\/p>\n<p>En el mismo sentido, el vicegobernador, Ad\u00e1n Bahl valor\u00f3 que \u201cla provincia ha tenido actividades durante todo el d\u00eda\u201d, y sostuvo que \u201clo importante no solamente es recordar lo que ocurri\u00f3 en Argentina, sino fundamentalmente recordar y aprender para que estas cosas nunca m\u00e1s vuelvan a ocurrir. Por eso es importante que la sociedad participe y por supuesto tambi\u00e9n el gobierno est\u00e9 presente como en esta oportunidad\u201d.<\/p>\n<p>&nbsp;<\/p>\n<p>La exposici\u00f3n se denomina \u201cMemoria y resistencia durante la dictadura. Siete a\u00f1os, ocho meses y diecis\u00e9is d\u00edas de oscuridad\u201d. Es realizada por el Gobierno de Entre R\u00edos en colaboraci\u00f3n con la Facultad de Ciencias de la Educaci\u00f3n, gremios de la provincia, y organismos pertenecientes a la multisecotiral de Derechos Humanos. Permanecer\u00e1 expuesta en el museo de Casa de Gobierno hasta el 23 de abril.<\/p>\n<p>&nbsp;<\/p>\n<p>El montaje estuvo a cargo de Sergio Fabri, Gustavo Hennekens, Victoria Puigcernau, Leonardo Mare y Lucas Barzola. La direcci\u00f3n de montaje e iluminaci\u00f3n es de Sergio Fabri, y el dise\u00f1o de cat\u00e1logo y la l\u00ednea de tiempo estuvieron a cargo de AnaYarull. En tanto que los textos de cat\u00e1logo fueron realizados por Alfredo Hoffman, y la producci\u00f3n de campo por Victoria Puigcernau. La producci\u00f3n general de la exposici\u00f3n estuvo a cargo de Daniel Padu\u00e1n, mientras que el curador fue Gustavo Hennekens.<\/p>\n<p>&nbsp;<\/p>\n<p>Construida con elementos que aportaron los distintos organismos, la muestra ofrece un recorrido conceptual y sensorial, a trav\u00e9s de distintas t\u00e9cnicas art\u00edsticas, por implicancias y las consecuencias de la \u00faltima dictadura c\u00edvico militar en Entre R\u00edos. La l\u00ednea del tiempo que articula la exposici\u00f3n parte desde el comienzo de la dictadura, aquel 24 de marzo de 1976, y transita las distintas etapas de la lucha por los derechos humanos en el pa\u00eds y en la provincia, pasando por la anulaci\u00f3n de las leyes de obediencia debida y punto final, y la reanudaci\u00f3n de los juicios de lesa humanidad. Tambi\u00e9n se recuerda a los entrerrianos v\u00edctima del terrorismo de Estado.<\/p>\n","protected":false},"excerpt":{"rendered":"<p>Acompa\u00f1ado por organismos de derechos humanos, el gobernador Gustavo Bordet dej\u00f3 inaugurada la muestra \u201cMemoria y resistencia durante la dictadura\u201d en el Museo de Casa de Gobierno. El objetivo es \u201crecordar este 24 de marzo de 1976, que es una fecha muy dolorosa, porque significa el comienzo de una dictadura feroz que se cobr\u00f3 la vida de 30 mil personas\u201d, afirm\u00f3 durante la apertura &nbsp; &nbsp; &nbsp; El mandatario estuvo acompa\u00f1ado por el vicegobernador, Ad\u00e1n Bahl y el intendente de Paran\u00e1, Sergio Varisco. Tambi\u00e9n se hicieron presentes legisladores y funcionarios&#8230;<\/p>\n","protected":false},"author":3,"featured_media":8945,"comment_status":"closed","ping_status":"closed","sticky":false,"template":"","format":"standard","meta":[],"categories":[9,15],"tags":[],"_links":{"self":[{"href":"https:\/\/www.actualidadadiario.com\/index.php\/wp-json\/wp\/v2\/posts\/8944"}],"collection":[{"href":"https:\/\/www.actualidadadiario.com\/index.php\/wp-json\/wp\/v2\/posts"}],"about":[{"href":"https:\/\/www.actualidadadiario.com\/index.php\/wp-json\/wp\/v2\/types\/post"}],"author":[{"embeddable":true,"href":"https:\/\/www.actualidadadiario.com\/index.php\/wp-json\/wp\/v2\/users\/3"}],"replies":[{"embeddable":true,"href":"https:\/\/www.actualidadadiario.com\/index.php\/wp-json\/wp\/v2\/comments?post=8944"}],"version-history":[{"count":1,"href":"https:\/\/www.actualidadadiario.com\/index.php\/wp-json\/wp\/v2\/posts\/8944\/revisions"}],"predecessor-version":[{"id":8946,"href":"https:\/\/www.actualidadadiario.com\/index.php\/wp-json\/wp\/v2\/posts\/8944\/revisions\/8946"}],"wp:featuredmedia":[{"embeddable":true,"href":"https:\/\/www.actualidadadiario.com\/index.php\/wp-json\/wp\/v2\/media\/8945"}],"wp:attachment":[{"href":"https:\/\/www.actualidadadiario.com\/index.php\/wp-json\/wp\/v2\/media?parent=8944"}],"wp:term":[{"taxonomy":"category","embeddable":true,"href":"https:\/\/www.actualidadadiario.com\/index.php\/wp-json\/wp\/v2\/categories?post=8944"},{"taxonomy":"post_tag","embeddable":true,"href":"https:\/\/www.actualidadadiario.com\/index.php\/wp-json\/wp\/v2\/tags?post=8944"}],"curies":[{"name":"wp","href":"https:\/\/api.w.org\/{rel}","templated":true}]}}