{"id":8941,"date":"2017-03-24T11:05:11","date_gmt":"2017-03-24T14:05:11","guid":{"rendered":"http:\/\/actualidadadiario.com\/site\/?p=8941"},"modified":"2017-03-24T11:05:11","modified_gmt":"2017-03-24T14:05:11","slug":"emprendedores-del-departamento-concordia-recibieron-sus-herramientas-de-trabajo","status":"publish","type":"post","link":"https:\/\/www.actualidadadiario.com\/index.php\/2017\/03\/24\/emprendedores-del-departamento-concordia-recibieron-sus-herramientas-de-trabajo\/","title":{"rendered":"Emprendedores del departamento Concordia recibieron sus herramientas de trabajo"},"content":{"rendered":"<p><em><strong>El gobierno de Entre R\u00edos, a trav\u00e9s del Ministerio de Desarrollo Social, otorg\u00f3 herramientas de trabajo a 24 emprendedores del departamento Concordia en el marco del programa Incorporaci\u00f3n de Tecnolog\u00eda. La entrega signific\u00f3 una inversi\u00f3n de 295 mil pesos por parte del Gobierno provincial<\/strong><\/em><\/p>\n<p>&nbsp;<\/p>\n<p>&nbsp;<\/p>\n<p>&nbsp;<\/p>\n<p>Este jueves el Ministerio de Desarrollo Social, a trav\u00e9s de la Direcci\u00f3n de Fortalecimiento, hizo entrega de m\u00e1s de 50 herramientas de trabajo a emprendedores del Departamento de Concordia con el objetivo de fortalecer sus emprendimientos generando mayor producci\u00f3n y permitiendo mejorar sus servicios.<\/p>\n<p>&nbsp;<\/p>\n<p>El acto de entrega se realiz\u00f3 en el sal\u00f3n de Cafesg y cont\u00f3 con la presencia del Secretario de Econom\u00eda Social, Luis Precerutti, el Director de Fortalecimiento, Enrique Baffico, junto a los referentes departamentales del ministerio: la coordinadora de asuntos sociales, Marcela Sbresso y de Comedores Escolares, Sara Eiris. Adem\u00e1s estuvo presente en el acto el director de Producci\u00f3n del Municipio de Concordia, Marcos Follonier.<\/p>\n<p>&nbsp;<\/p>\n<p>Fueron 24 los emprendedores que recibieron las herramientas, de los cuales 10 son horticultores, por un monto de 295 mil pesos.<\/p>\n<p>&nbsp;<\/p>\n<p>Los emprendedores llevan adelante trabajos en diferentes rubros como el de panificaci\u00f3n, peluquer\u00eda, confecci\u00f3n de prendas, tejidos y producci\u00f3n hort\u00edcola.<\/p>\n<p>&nbsp;<\/p>\n<p>Precerutti explic\u00f3 que \u201clos emprendedores que reciben herramientas fueron visitados por los equipos t\u00e9cnicos del Ministerio con el objetivo de poder fortalecer emprendimientos y peque\u00f1os productores, que necesiten en general mejorar la calidad o el volumen de su producci\u00f3n, y para esto necesitan pegar un salto tecnol\u00f3gico para lo cual se les entrega estas maquinarias\u201d.<\/p>\n<p>&nbsp;<\/p>\n<p>Esta entrega se dio \u201cen el marco de lo que son los programas de la Secretaria de Econom\u00eda Social, que tiene m\u00e1s de 15 l\u00edneas program\u00e1ticas para el fortalecimiento de la producci\u00f3n y la comercializaci\u00f3n para todos los actores de la econom\u00eda social de provincia, es decir para los emprendedores, los productores, las cooperativas, para los grupos asociativos. Que se fortalezca el sector es la intenci\u00f3n de nuestro gobernador, Gustavo Bordet, y de nuestra ministra, Laura Stratta, por eso estamos dedicados y abocados a esa tarea\u201d, explic\u00f3 Luis Precerutti.<\/p>\n<p>&nbsp;<\/p>\n<p>En la provincia hay diversos tipos de emprendimientos productivos, los cuales fueron visitados y acompa\u00f1ados por los equipos de la cartera social para ver el estado de situaci\u00f3n y de qu\u00e9 manera pueden mejorar; el acompa\u00f1amiento y el seguimiento contin\u00faan posteriormente.<\/p>\n<p>&nbsp;<\/p>\n<p>El programa Incorporaci\u00f3n de Tecnolog\u00eda busca mejorar las condiciones de producci\u00f3n de los emprendimientos de la econom\u00eda social, a partir de brindarles herramientas que impliquen lograr un salto cualitativo y cuantitativo en t\u00e9rminos productivos. Est\u00e1 dirigido a emprendedores tomadores de microcr\u00e9ditos y aquellos reconocidos localmente por su labor, que requieran incorporar insumos, herramientas o equipamiento. La transferencia definitiva del bien al emprendedor se produce luego de verificar la evoluci\u00f3n del emprendimiento y el buen uso del equipamiento.<\/p>\n","protected":false},"excerpt":{"rendered":"<p>El gobierno de Entre R\u00edos, a trav\u00e9s del Ministerio de Desarrollo Social, otorg\u00f3 herramientas de trabajo a 24 emprendedores del departamento Concordia en el marco del programa Incorporaci\u00f3n de Tecnolog\u00eda. La entrega signific\u00f3 una inversi\u00f3n de 295 mil pesos por parte del Gobierno provincial &nbsp; &nbsp; &nbsp; Este jueves el Ministerio de Desarrollo Social, a trav\u00e9s de la Direcci\u00f3n de Fortalecimiento, hizo entrega de m\u00e1s de 50 herramientas de trabajo a emprendedores del Departamento de Concordia con el objetivo de fortalecer sus emprendimientos generando mayor producci\u00f3n y permitiendo mejorar sus&#8230;<\/p>\n","protected":false},"author":3,"featured_media":8942,"comment_status":"closed","ping_status":"closed","sticky":false,"template":"","format":"standard","meta":[],"categories":[15],"tags":[],"_links":{"self":[{"href":"https:\/\/www.actualidadadiario.com\/index.php\/wp-json\/wp\/v2\/posts\/8941"}],"collection":[{"href":"https:\/\/www.actualidadadiario.com\/index.php\/wp-json\/wp\/v2\/posts"}],"about":[{"href":"https:\/\/www.actualidadadiario.com\/index.php\/wp-json\/wp\/v2\/types\/post"}],"author":[{"embeddable":true,"href":"https:\/\/www.actualidadadiario.com\/index.php\/wp-json\/wp\/v2\/users\/3"}],"replies":[{"embeddable":true,"href":"https:\/\/www.actualidadadiario.com\/index.php\/wp-json\/wp\/v2\/comments?post=8941"}],"version-history":[{"count":1,"href":"https:\/\/www.actualidadadiario.com\/index.php\/wp-json\/wp\/v2\/posts\/8941\/revisions"}],"predecessor-version":[{"id":8943,"href":"https:\/\/www.actualidadadiario.com\/index.php\/wp-json\/wp\/v2\/posts\/8941\/revisions\/8943"}],"wp:featuredmedia":[{"embeddable":true,"href":"https:\/\/www.actualidadadiario.com\/index.php\/wp-json\/wp\/v2\/media\/8942"}],"wp:attachment":[{"href":"https:\/\/www.actualidadadiario.com\/index.php\/wp-json\/wp\/v2\/media?parent=8941"}],"wp:term":[{"taxonomy":"category","embeddable":true,"href":"https:\/\/www.actualidadadiario.com\/index.php\/wp-json\/wp\/v2\/categories?post=8941"},{"taxonomy":"post_tag","embeddable":true,"href":"https:\/\/www.actualidadadiario.com\/index.php\/wp-json\/wp\/v2\/tags?post=8941"}],"curies":[{"name":"wp","href":"https:\/\/api.w.org\/{rel}","templated":true}]}}