{"id":8935,"date":"2017-03-23T10:26:21","date_gmt":"2017-03-23T13:26:21","guid":{"rendered":"http:\/\/actualidadadiario.com\/site\/?p=8935"},"modified":"2017-03-23T10:26:21","modified_gmt":"2017-03-23T13:26:21","slug":"industrias-lacteas-de-nogoya-se-sumaran-al-programa-de-reconversion-productiva","status":"publish","type":"post","link":"https:\/\/www.actualidadadiario.com\/index.php\/2017\/03\/23\/industrias-lacteas-de-nogoya-se-sumaran-al-programa-de-reconversion-productiva\/","title":{"rendered":"Industrias l\u00e1cteas de Nogoy\u00e1 se sumar\u00e1n al Programa de Reconversi\u00f3n Productiva"},"content":{"rendered":"<p><em><strong>En una articulada jornada de trabajo, t\u00e9cnicos del Ministerio de Ambiente de Naci\u00f3n, la Secretar\u00eda de Ambiente y el municipio de Nogoy\u00e1 presentaron ante la industria l\u00e1ctea local el Programa de Reconversi\u00f3n Industrial que prev\u00e9 mejoras productivas y el desarrollo sustentable para toda la provincia<\/strong><\/em><\/p>\n<p>&nbsp;<\/p>\n<p>&nbsp;<\/p>\n<p>&nbsp;<\/p>\n<p>&nbsp;<\/p>\n<p>&nbsp;<\/p>\n<p>En el marco de las gestiones emprendidas por la Secretar\u00eda de Ambiente ante Naci\u00f3n para implementar el programa en la provincia y extenderlo a todos los municipios, tuvo lugar este martes en Nogoy\u00e1 la presentaci\u00f3n destinada a los industriales de la regi\u00f3n, vinculados especialmente al sector l\u00e1cteo. El Programa de Reconversi\u00f3n Industrial es un instrumento general de incorporaci\u00f3n t\u00e9cnica y procedimental que busca potenciar la productividad y el buen desempe\u00f1o ambiental. Cuenta, a su vez, con dise\u00f1os propios y planes de acci\u00f3n para cada tipo de industria en particular.<\/p>\n<p>&nbsp;<\/p>\n<p>Abrieron la jornada el intendente de Nogoy\u00e1, Rafael Cavagna; el director General y de Coordinaci\u00f3n, a cargo de la Secretar\u00eda de Ambiente, Roberto Zabala; la directora de Producci\u00f3n y Consumo Sustentable de Naci\u00f3n, Cecilia Hiriart.<\/p>\n<p>&nbsp;<\/p>\n<p>A modo de balance, el intendente expres\u00f3: \u201cTenemos que ratificar este tipo de iniciativas para trabajar en conjunto porque no s\u00f3lo se trata de controlar sino tambi\u00e9n de brindar las herramientas para que el sector privado se sienta acompa\u00f1ado por el sector p\u00fablico\u201d.<\/p>\n<p>&nbsp;<\/p>\n<p>A\u00f1adi\u00f3 que el sector empresario recibi\u00f3 muy bien la propuesta: \u201cPudieron captar que se trata de una herramienta y un servicio que se les brinda ya que en los tiempos que corren es necesario adaptarse a las nueva metodolog\u00edas de producci\u00f3n\u201d.<\/p>\n<p>&nbsp;<\/p>\n<p>Del Ministerio de Ambiente y Desarrollo Sustentable de Naci\u00f3n estuvieron presentes la directora de Producci\u00f3n y Consumo Sustentable, Cecilia Hiriart, y Luis Tournier que integra su equipo de trabajo. Y de la Secretar\u00eda de Ambiente de Entre R\u00edos, el director General y de Coordinaci\u00f3n, Roberto Zabala; la directora de Control y Fiscalizaci\u00f3n, Juliana Robledo; y el coordinador de Salud Ambiental, Daniel Ben\u00edtez; y representantes de las empresas l\u00e1cteas de la ciudad.<\/p>\n<p>&nbsp;<\/p>\n<p>&nbsp;<\/p>\n<p>&nbsp;<\/p>\n<p><strong>Acerca del programa <\/strong><\/p>\n<p>El PRI es una herramienta innovadora en la pol\u00edtica ambiental, forjada en el esp\u00edritu de un nuevo enfoque entre renta y sustentabilidad. Su plan de modificaciones eficientes en la operatoria productiva hace foco en la racionalizaci\u00f3n de recursos y ajusta, en consonancia con metas ambientales, el ahorro y la competitividad industrial. El mecanismo promueve, a su vez, por la veta del compromiso, la mejor inserci\u00f3n social de las empresas.<\/p>\n<p>&nbsp;<\/p>\n<p>Persigue los siguientes objetivos: uso eficiente de recursos primarios, disminuci\u00f3n de contaminantes en efluentes l\u00edquidos y gaseosos, gesti\u00f3n de residuos s\u00f3lidos urbanos, reducci\u00f3n de los niveles de vibraciones, olores y ruidos; monitoreo preventivo de los procesos; sustituci\u00f3n de sustancias peligrosas; recomposici\u00f3n de sitios contaminados y el compromiso social de las empresas, entre otros.<\/p>\n<p>&nbsp;<\/p>\n<p>Se instrumentar\u00e1 a trav\u00e9s de un convenio marco que firmar\u00e1n en lo inmediato el gobernador Gustavo Bordet y el ministro de Ambiente de la Naci\u00f3n, Sergio Bergman. Luego tendr\u00e1n lugar los convenios espec\u00edficos entre Naci\u00f3n, las autoridades provinciales y las distintas industrias.<\/p>\n","protected":false},"excerpt":{"rendered":"<p>En una articulada jornada de trabajo, t\u00e9cnicos del Ministerio de Ambiente de Naci\u00f3n, la Secretar\u00eda de Ambiente y el municipio de Nogoy\u00e1 presentaron ante la industria l\u00e1ctea local el Programa de Reconversi\u00f3n Industrial que prev\u00e9 mejoras productivas y el desarrollo sustentable para toda la provincia &nbsp; &nbsp; &nbsp; &nbsp; &nbsp; En el marco de las gestiones emprendidas por la Secretar\u00eda de Ambiente ante Naci\u00f3n para implementar el programa en la provincia y extenderlo a todos los municipios, tuvo lugar este martes en Nogoy\u00e1 la presentaci\u00f3n destinada a los industriales de&#8230;<\/p>\n","protected":false},"author":3,"featured_media":8936,"comment_status":"closed","ping_status":"closed","sticky":false,"template":"","format":"standard","meta":[],"categories":[15],"tags":[],"_links":{"self":[{"href":"https:\/\/www.actualidadadiario.com\/index.php\/wp-json\/wp\/v2\/posts\/8935"}],"collection":[{"href":"https:\/\/www.actualidadadiario.com\/index.php\/wp-json\/wp\/v2\/posts"}],"about":[{"href":"https:\/\/www.actualidadadiario.com\/index.php\/wp-json\/wp\/v2\/types\/post"}],"author":[{"embeddable":true,"href":"https:\/\/www.actualidadadiario.com\/index.php\/wp-json\/wp\/v2\/users\/3"}],"replies":[{"embeddable":true,"href":"https:\/\/www.actualidadadiario.com\/index.php\/wp-json\/wp\/v2\/comments?post=8935"}],"version-history":[{"count":1,"href":"https:\/\/www.actualidadadiario.com\/index.php\/wp-json\/wp\/v2\/posts\/8935\/revisions"}],"predecessor-version":[{"id":8937,"href":"https:\/\/www.actualidadadiario.com\/index.php\/wp-json\/wp\/v2\/posts\/8935\/revisions\/8937"}],"wp:featuredmedia":[{"embeddable":true,"href":"https:\/\/www.actualidadadiario.com\/index.php\/wp-json\/wp\/v2\/media\/8936"}],"wp:attachment":[{"href":"https:\/\/www.actualidadadiario.com\/index.php\/wp-json\/wp\/v2\/media?parent=8935"}],"wp:term":[{"taxonomy":"category","embeddable":true,"href":"https:\/\/www.actualidadadiario.com\/index.php\/wp-json\/wp\/v2\/categories?post=8935"},{"taxonomy":"post_tag","embeddable":true,"href":"https:\/\/www.actualidadadiario.com\/index.php\/wp-json\/wp\/v2\/tags?post=8935"}],"curies":[{"name":"wp","href":"https:\/\/api.w.org\/{rel}","templated":true}]}}