{"id":893,"date":"2016-09-12T09:47:15","date_gmt":"2016-09-12T12:47:15","guid":{"rendered":"http:\/\/actualidadadiario.com\/site\/?p=893"},"modified":"2016-09-12T09:47:15","modified_gmt":"2016-09-12T12:47:15","slug":"la-provincia-acompana-con-becas-a-mas-de-55-000-estudiantes-entrerrianos","status":"publish","type":"post","link":"https:\/\/www.actualidadadiario.com\/index.php\/2016\/09\/12\/la-provincia-acompana-con-becas-a-mas-de-55-000-estudiantes-entrerrianos\/","title":{"rendered":"La provincia acompa\u00f1a con becas a m\u00e1s de 55.000 estudiantes entrerrianos"},"content":{"rendered":"<p><em><strong>El gobierno provincial, a trav\u00e9s del Instituto Becario, viene desarrollando una agenda importante de programas y becas que benefician a m\u00e1s de 55.000 estudiantes entrerrianos. De esta manera, el Estado acompa\u00f1a a los j\u00f3venes a continuar y concluir con sus estudios. Este lunes se iniciar\u00e1 el pago de los beneficios correspondientes al mes de septiembre<\/strong><\/em><\/p>\n<p>&nbsp;<\/p>\n<p>&nbsp;<\/p>\n<p>&nbsp;<\/p>\n<p>&#8220;En Entre R\u00edos hay un Estado que est\u00e1 presente&#8221;, asegur\u00f3 el gobernador Gustavo Bordet al hacer referencia a los programas que lleva adelante el Instituto Becario y destac\u00f3 que es una de las pocas provincias sino la \u00fanica que tiene un sistema de esta naturaleza donde este a\u00f1o se invertir\u00e1n 200 millones de pesos, 60 de los cuales provienen del impuesto a las profesiones liberales y los otros 140 aportados por el gobierno.<\/p>\n<p>Resalt\u00f3 que \u201ceste sistema solidario ha permitido que podamos ayudar a que miles de j\u00f3venes puedan concretar sus sue\u00f1os de ser profesionales y de tener un futuro mejor. Y esto tiene que ver tambi\u00e9n con la administraci\u00f3n inteligente de los recursos y de un trabajo en equipo\u201d.<\/p>\n<p>\u201cEl sistema de becas en la provincia est\u00e1 establecido por ley y tiene una administraci\u00f3n que ha funcionado perfectamente bien, perfeccion\u00e1ndose desde su creaci\u00f3n, para que hoy haya un universo de 55.000 estudiantes que son beneficiarios\u201d, subray\u00f3.<\/p>\n<p>Bordet indic\u00f3 que el sistema funciona de modo tal que se eval\u00faa de acuerdo al m\u00e9rito de los alumnos y que llega desde las ciudades m\u00e1s grandes hasta los lugares y las escuelas m\u00e1s peque\u00f1as de la provincia, y advirti\u00f3 que \u201cno hay ning\u00fan componente que establezca prioridades o privilegios de un estudiante sobre otro\u201d.<\/p>\n<p>Tambi\u00e9n remarc\u00f3 que el sistema de control legislativo sobre el Instituto Becario \u201cgarantiza la transparencia de los actos y no permite desvirtuar algo tan noble como es una beca que posibilita que los alumnos puedan continuar con sus estudios y acceder a una educaci\u00f3n de calidad\u201d.<\/p>\n<p><strong>Detalle de los beneficiarios<\/strong><\/p>\n<p>Durante 2016, 30.000 estudiantes fueron becados, de los cuales hay alumnos de secundaria, terciaria y universitaria. Tambi\u00e9n de programas especiales como escuelas Nina, de discapacidad, de escuelas t\u00e9cnicas y agrot\u00e9cnicas, para mejores promedios y estudiantes de carreras prioritarias.<\/p>\n<p>Otros 10.000 j\u00f3venes participan de orientaci\u00f3n vocacional gratuita y optativa (dos \u00faltimos a\u00f1os de la secundaria) y en el taller que se dicta en m\u00e1s de 50 localidades de Entre R\u00edos<\/p>\n<p>Asimismo, 3.000 ni\u00f1os asisten a Educando en Movimiento, programa que impulsa apoyo escolar gratuito y escuelitas deportivas para chicos de 5 a 14 a\u00f1os, para generar h\u00e1bitos ligados al estudio y al deporte. El programa se desarrolla en 80 barrios de los departamentos Paran\u00e1, Diamante, La Paz, Victoria, Gualeguaych\u00fa, Villaguay, Concordia, Feliciano, Federal, Nogoy\u00e1 y San Salvador.<\/p>\n<p>Por otro lado, el Instituto Becario lleva adelante la Marat\u00f3n del Becario, que convoca a 2.500 alumnos y atletas amateurs de toda la regi\u00f3n, y la feria de carreras El Becario te Muestra, la cual se desarroll\u00f3 los d\u00edas pasando y la recorrieron m\u00e1s de 2000 j\u00f3venes.<\/p>\n<p>A partir del 2016, se incorpor\u00f3 en la \u00f3rbita del organismo el sistema de Transporte Escolar Rural, mediante el cual se traslada a 8.500 estudiantes de zonas rurales en toda la provincia de manera diaria y gratuita.<\/p>\n<p>&nbsp;<\/p>\n<p><strong>Pago de becas<\/strong><\/p>\n<p>A partir del lunes, el gobierno comenzar\u00e1 a cumplir el cronograma de pagos de becas, a trav\u00e9s del Instituto Becario Provincial. Corresponde al mes de septiembre y los beneficiarios deber\u00e1n acudir a la sucursal bancaria en los horarios habituales y de acuerdo a la siguiente finalizaci\u00f3n de su DNI<\/p>\n<p>Lunes 12 DNI terminados en 0<br \/>\nMartes 13 DNI terminados en 1<br \/>\nMi\u00e9rcoles 14 DNI terminados en 2<br \/>\nJueves 15 DNI terminados en 3<br \/>\nViernes 16 DNI terminados en 4<br \/>\nLunes 19 DNI terminados en 5<br \/>\nMartes 20 DNI terminados en 6<br \/>\nMi\u00e9rcoles 21 DNI terminados en 7<br \/>\nJueves 22 DNI terminados en 8<br \/>\nViernes 23 DNI terminados en 9<\/p>\n","protected":false},"excerpt":{"rendered":"<p>El gobierno provincial, a trav\u00e9s del Instituto Becario, viene desarrollando una agenda importante de programas y becas que benefician a m\u00e1s de 55.000 estudiantes entrerrianos. De esta manera, el Estado acompa\u00f1a a los j\u00f3venes a continuar y concluir con sus estudios. Este lunes se iniciar\u00e1 el pago de los beneficios correspondientes al mes de septiembre &nbsp; &nbsp; &nbsp; &#8220;En Entre R\u00edos hay un Estado que est\u00e1 presente&#8221;, asegur\u00f3 el gobernador Gustavo Bordet al hacer referencia a los programas que lleva adelante el Instituto Becario y destac\u00f3 que es una de&#8230;<\/p>\n","protected":false},"author":3,"featured_media":894,"comment_status":"closed","ping_status":"closed","sticky":false,"template":"","format":"standard","meta":[],"categories":[9],"tags":[],"_links":{"self":[{"href":"https:\/\/www.actualidadadiario.com\/index.php\/wp-json\/wp\/v2\/posts\/893"}],"collection":[{"href":"https:\/\/www.actualidadadiario.com\/index.php\/wp-json\/wp\/v2\/posts"}],"about":[{"href":"https:\/\/www.actualidadadiario.com\/index.php\/wp-json\/wp\/v2\/types\/post"}],"author":[{"embeddable":true,"href":"https:\/\/www.actualidadadiario.com\/index.php\/wp-json\/wp\/v2\/users\/3"}],"replies":[{"embeddable":true,"href":"https:\/\/www.actualidadadiario.com\/index.php\/wp-json\/wp\/v2\/comments?post=893"}],"version-history":[{"count":1,"href":"https:\/\/www.actualidadadiario.com\/index.php\/wp-json\/wp\/v2\/posts\/893\/revisions"}],"predecessor-version":[{"id":895,"href":"https:\/\/www.actualidadadiario.com\/index.php\/wp-json\/wp\/v2\/posts\/893\/revisions\/895"}],"wp:featuredmedia":[{"embeddable":true,"href":"https:\/\/www.actualidadadiario.com\/index.php\/wp-json\/wp\/v2\/media\/894"}],"wp:attachment":[{"href":"https:\/\/www.actualidadadiario.com\/index.php\/wp-json\/wp\/v2\/media?parent=893"}],"wp:term":[{"taxonomy":"category","embeddable":true,"href":"https:\/\/www.actualidadadiario.com\/index.php\/wp-json\/wp\/v2\/categories?post=893"},{"taxonomy":"post_tag","embeddable":true,"href":"https:\/\/www.actualidadadiario.com\/index.php\/wp-json\/wp\/v2\/tags?post=893"}],"curies":[{"name":"wp","href":"https:\/\/api.w.org\/{rel}","templated":true}]}}