{"id":8929,"date":"2017-03-23T10:22:43","date_gmt":"2017-03-23T13:22:43","guid":{"rendered":"http:\/\/actualidadadiario.com\/site\/?p=8929"},"modified":"2017-03-23T10:22:43","modified_gmt":"2017-03-23T13:22:43","slug":"la-garganta-poderosa-y-su-contundente-carta-a-favor-de-la-lucha-docente","status":"publish","type":"post","link":"https:\/\/www.actualidadadiario.com\/index.php\/2017\/03\/23\/la-garganta-poderosa-y-su-contundente-carta-a-favor-de-la-lucha-docente\/","title":{"rendered":"La Garganta Poderosa y su contundente carta a favor de la lucha docente"},"content":{"rendered":"<p><em><strong>La revista que se realiza desde las villas estuvo presente en la marcha federal docente apoyando a los maestros que reclaman la apertura de las paritarias nacionales, y realizaron un texto sobre la situaci\u00f3n<\/strong><\/em><\/p>\n<p>&nbsp;<\/p>\n<p>&nbsp;<\/p>\n<p>&nbsp;<\/p>\n<p>En la segunda semana de paro nacional de maestros, con una Marcha Federal que convoc\u00f3 a cientos de miles de docentes y ciudadanos hasta Plaza de Mayo para pedirle al Gobierno Nacional que abra la paritaria, quienes realizan la revista La Garganta Poderosa realizaron un texto en apoyo a los trabajadores de la educaci\u00f3n.<\/p>\n<p>&nbsp;<\/p>\n<p>&nbsp;<\/p>\n<p>&nbsp;<\/p>\n<p><strong><em>&#8220;VOLVIERON LAS CLASES&#8221;<\/em><\/strong><\/p>\n<p><em>Nosotras paramos el cuento. Nosotras, las letras, literalmente aprisionadas en teclados, cosificadas por los correctores, aplastadas en los cuadernos, prostituidas por los editores y sometidas a la trata de noticias, hoy nos rateamos de todas sus aulas, desoyendo a los privatizadores de la educaci\u00f3n. Somos famosas por las maestras, que nos llevaron al pizarr\u00f3n. Las desordenadas de la fila, las hu\u00e9rfanas de alfabeto, las mal escribidas, las &#8220;o&#8221; que cuestionan sus privilegios, las equis inc\u00f3modas, las haches que no se callan y las NN que no tienen vacantes, corrigiendo a este gobierno de tapa dura, \u00a1hoy salimos a dar clase de Literatura!<\/em><\/p>\n<p><em>\u00a0<\/em><\/p>\n<p><em>Nosotros paramos la m\u00e1quina. Nosotros, los n\u00fameros, geom\u00e9tricamente enjaulados en hojas cuadriculadas, atrapados en c\u00edrculos empresarios, expulsados de la escuela, condonados a los c\u00f3mplices y exiliados en las cuentas offshore, hoy contamos con ustedes, todos colorados frente al salario docente. Somos 30 mil, poniendo la fecha desde abajo del atril. El 0 de la pobreza, el 4 de abril, el 45 de la inflaci\u00f3n, el 75 del transporte, el 11.630 del sueldo inicial, el 13.323 de la canasta b\u00e1sica y el 26.075 de la ley que los obliga a discutir el aumento con los gremios nacionales, sin multiplicar respuestas err\u00e1ticas, \u00a1hoy salimos a dar clase de Matem\u00e1ticas!<\/em><\/p>\n<p><em>\u00a0<\/em><\/p>\n<p><em>Nosotras paramos la reproducci\u00f3n. Nosotras, las especies, brutalmente desterradas por el desmonte, tachadas por Lewis, borradas por Benetton, violadas por Monsanto y detonadas por Barrick Gold, hoy corremos a las paritarias en manada, contra los domadores de nuestra plaga. Somos animalitos salvajes, domesticando a Gonz\u00e1lez Fraga. Las plantas de Sancor, los estudiantes del C\u00f3ndor, las huertas escolares, las presas del \u00e1guila, las pira\u00f1as de la villa, los inundados de soja y los ara\u00f1ados por el gato de buenos modales, \u00a1hoy salimos a dar clase de Ciencias Naturales!<\/em><\/p>\n<p><em>\u00a0<\/em><\/p>\n<p><em>Nosotros paramos la historia. Nosotros, los tiempos y los espacios, recientemente importados del pasado, perdidos en d\u00edas de clase, burlados por el negacionismo, suspendidos por el neoliberalismo y congelados desde el primer semestre, hoy sacamos los l\u00e1pices de los 70, para colorear la Carpa de los 90. Somos los educados sin SAME, siempre llegando tarde a la teor\u00eda del derrame. Los cortos de sus bastones largos, los fantasmas de sus represores, los historiadores de sus saqueos, los herederos de Fuentealba, los bi\u00f3grafos de sus fortunas y los revisionistas de sus manuales, \u00a1hoy salimos a dar clase de Ciencias Sociales!<\/em><\/p>\n<p><em>\u00a0<\/em><\/p>\n<p><em>Cientos de miles unidos en el espanto, recitando al un\u00edsono la misma poes\u00eda: nunca, nunca, nunca aprendimos tanto en un solo d\u00eda.<\/em><\/p>\n","protected":false},"excerpt":{"rendered":"<p>La revista que se realiza desde las villas estuvo presente en la marcha federal docente apoyando a los maestros que reclaman la apertura de las paritarias nacionales, y realizaron un texto sobre la situaci\u00f3n &nbsp; &nbsp; &nbsp; En la segunda semana de paro nacional de maestros, con una Marcha Federal que convoc\u00f3 a cientos de miles de docentes y ciudadanos hasta Plaza de Mayo para pedirle al Gobierno Nacional que abra la paritaria, quienes realizan la revista La Garganta Poderosa realizaron un texto en apoyo a los trabajadores de la&#8230;<\/p>\n","protected":false},"author":3,"featured_media":8930,"comment_status":"closed","ping_status":"closed","sticky":false,"template":"","format":"standard","meta":[],"categories":[4],"tags":[],"_links":{"self":[{"href":"https:\/\/www.actualidadadiario.com\/index.php\/wp-json\/wp\/v2\/posts\/8929"}],"collection":[{"href":"https:\/\/www.actualidadadiario.com\/index.php\/wp-json\/wp\/v2\/posts"}],"about":[{"href":"https:\/\/www.actualidadadiario.com\/index.php\/wp-json\/wp\/v2\/types\/post"}],"author":[{"embeddable":true,"href":"https:\/\/www.actualidadadiario.com\/index.php\/wp-json\/wp\/v2\/users\/3"}],"replies":[{"embeddable":true,"href":"https:\/\/www.actualidadadiario.com\/index.php\/wp-json\/wp\/v2\/comments?post=8929"}],"version-history":[{"count":1,"href":"https:\/\/www.actualidadadiario.com\/index.php\/wp-json\/wp\/v2\/posts\/8929\/revisions"}],"predecessor-version":[{"id":8931,"href":"https:\/\/www.actualidadadiario.com\/index.php\/wp-json\/wp\/v2\/posts\/8929\/revisions\/8931"}],"wp:featuredmedia":[{"embeddable":true,"href":"https:\/\/www.actualidadadiario.com\/index.php\/wp-json\/wp\/v2\/media\/8930"}],"wp:attachment":[{"href":"https:\/\/www.actualidadadiario.com\/index.php\/wp-json\/wp\/v2\/media?parent=8929"}],"wp:term":[{"taxonomy":"category","embeddable":true,"href":"https:\/\/www.actualidadadiario.com\/index.php\/wp-json\/wp\/v2\/categories?post=8929"},{"taxonomy":"post_tag","embeddable":true,"href":"https:\/\/www.actualidadadiario.com\/index.php\/wp-json\/wp\/v2\/tags?post=8929"}],"curies":[{"name":"wp","href":"https:\/\/api.w.org\/{rel}","templated":true}]}}