{"id":8923,"date":"2017-03-23T10:21:18","date_gmt":"2017-03-23T13:21:18","guid":{"rendered":"http:\/\/actualidadadiario.com\/site\/?p=8923"},"modified":"2017-03-23T10:21:18","modified_gmt":"2017-03-23T13:21:18","slug":"no-tenemos-miedo-afirma-el-gobierno-britanico-tras-el-atentado-en-londres","status":"publish","type":"post","link":"https:\/\/www.actualidadadiario.com\/index.php\/2017\/03\/23\/no-tenemos-miedo-afirma-el-gobierno-britanico-tras-el-atentado-en-londres\/","title":{"rendered":"&#8220;No tenemos miedo&#8221;, afirma el gobierno brit\u00e1nico tras el atentado en Londres"},"content":{"rendered":"<p><em><strong>&#8220;No tenemos miedo y nos dejamos intimidar&#8221;, dijo la premier brit\u00e1nica, Theresa May, interviniendo en la C\u00e1mara de los Comunes despu\u00e9s del atentado terrorista del mi\u00e9rcoles en Londres<\/strong><\/em><\/p>\n<p>&nbsp;<\/p>\n<p>&nbsp;<\/p>\n<p>&nbsp;<\/p>\n<p>&nbsp;<\/p>\n<p>Inform\u00f3 adem\u00e1s que los heridos incluyen a 12 brit\u00e1nicos, tres franceses, dos rumanos, cuatro surcoreanos, un alem\u00e1n, un chino, un irland\u00e9s, un italiano, un polaco, un estadounidense y dos griegos. &#8220;Fue un ataque contra la gente libre&#8221;, expuso.<\/p>\n<p>&nbsp;<\/p>\n<p>May confirm\u00f3 tambi\u00e9n que el atacante es un ciudadano brit\u00e1nico conocido por los servicios secretos del pa\u00eds.<\/p>\n<p>&nbsp;<\/p>\n<p>Los medios locales informaron que son ocho las personas arrestadas. Las detenciones tuvieron lugar en Birmingham y en otras partes del pa\u00eds.<\/p>\n<p>&nbsp;<\/p>\n<p>Cinco personas murieron, entre ellas el atacante, y al menos 20 resultaron heridas en el doble atentado perpetrado cerca del Parlamento brit\u00e1nico en Londres.<\/p>\n<p>&nbsp;<\/p>\n<p>La polic\u00eda, que inici\u00f3 investigaciones por sospechas de terrorismo, cree que un \u00fanico atacante puede ser responsable de atropellar a peatones con un veh\u00edculo en el puente de Westminster y luego acuchillar a un polic\u00eda frente al edificio parlamentario.<\/p>\n<p>&nbsp;<\/p>\n<p>El polic\u00eda acuchillado y su atacante, quien fue alcanzado por disparos de otros agentes, se cuentan entre los muertos.<\/p>\n<p>&nbsp;<\/p>\n<p>El automovilista atropell\u00f3 a varias personas sobre el puente cercano al Parlamento. Varias personas resultaron heridas, entre ellas tres polic\u00edas.<\/p>\n<p>&nbsp;<\/p>\n<p>El coche impact\u00f3 luego en la valla del Parlamento. El hombre atac\u00f3 posteriormente con un cuchillo a un polic\u00eda, antes de ser abatido por otros agentes. El polic\u00eda falleci\u00f3 a causa de las heridas sufridas.<\/p>\n<p>&nbsp;<\/p>\n<p>Una mujer cay\u00f3 del puente al T\u00e1mesis, pero las fuerzas de rescate la sacaron con vida.<\/p>\n<p>&nbsp;<\/p>\n<p>El doble atentado en Londres se produjo exactamente en el primer aniversario de los atentados terroristas de Bruselas, en los que tres atacantes suicidas mataron a 32 personas en el aeropuerto y el metro de la capital belga, dejando m\u00e1s de 300 heridos.<\/p>\n","protected":false},"excerpt":{"rendered":"<p>&#8220;No tenemos miedo y nos dejamos intimidar&#8221;, dijo la premier brit\u00e1nica, Theresa May, interviniendo en la C\u00e1mara de los Comunes despu\u00e9s del atentado terrorista del mi\u00e9rcoles en Londres &nbsp; &nbsp; &nbsp; &nbsp; Inform\u00f3 adem\u00e1s que los heridos incluyen a 12 brit\u00e1nicos, tres franceses, dos rumanos, cuatro surcoreanos, un alem\u00e1n, un chino, un irland\u00e9s, un italiano, un polaco, un estadounidense y dos griegos. &#8220;Fue un ataque contra la gente libre&#8221;, expuso. &nbsp; May confirm\u00f3 tambi\u00e9n que el atacante es un ciudadano brit\u00e1nico conocido por los servicios secretos del pa\u00eds. &nbsp; Los&#8230;<\/p>\n","protected":false},"author":3,"featured_media":8924,"comment_status":"closed","ping_status":"closed","sticky":false,"template":"","format":"standard","meta":[],"categories":[4],"tags":[],"_links":{"self":[{"href":"https:\/\/www.actualidadadiario.com\/index.php\/wp-json\/wp\/v2\/posts\/8923"}],"collection":[{"href":"https:\/\/www.actualidadadiario.com\/index.php\/wp-json\/wp\/v2\/posts"}],"about":[{"href":"https:\/\/www.actualidadadiario.com\/index.php\/wp-json\/wp\/v2\/types\/post"}],"author":[{"embeddable":true,"href":"https:\/\/www.actualidadadiario.com\/index.php\/wp-json\/wp\/v2\/users\/3"}],"replies":[{"embeddable":true,"href":"https:\/\/www.actualidadadiario.com\/index.php\/wp-json\/wp\/v2\/comments?post=8923"}],"version-history":[{"count":1,"href":"https:\/\/www.actualidadadiario.com\/index.php\/wp-json\/wp\/v2\/posts\/8923\/revisions"}],"predecessor-version":[{"id":8925,"href":"https:\/\/www.actualidadadiario.com\/index.php\/wp-json\/wp\/v2\/posts\/8923\/revisions\/8925"}],"wp:featuredmedia":[{"embeddable":true,"href":"https:\/\/www.actualidadadiario.com\/index.php\/wp-json\/wp\/v2\/media\/8924"}],"wp:attachment":[{"href":"https:\/\/www.actualidadadiario.com\/index.php\/wp-json\/wp\/v2\/media?parent=8923"}],"wp:term":[{"taxonomy":"category","embeddable":true,"href":"https:\/\/www.actualidadadiario.com\/index.php\/wp-json\/wp\/v2\/categories?post=8923"},{"taxonomy":"post_tag","embeddable":true,"href":"https:\/\/www.actualidadadiario.com\/index.php\/wp-json\/wp\/v2\/tags?post=8923"}],"curies":[{"name":"wp","href":"https:\/\/api.w.org\/{rel}","templated":true}]}}