{"id":8914,"date":"2017-03-23T10:18:33","date_gmt":"2017-03-23T13:18:33","guid":{"rendered":"http:\/\/actualidadadiario.com\/site\/?p=8914"},"modified":"2017-03-23T10:18:33","modified_gmt":"2017-03-23T13:18:33","slug":"alerta-de-un-baron-del-conurbano-si-la-situacion-no-cambia-va-a-haber-saqueos-a-corto-plazo","status":"publish","type":"post","link":"https:\/\/www.actualidadadiario.com\/index.php\/2017\/03\/23\/alerta-de-un-baron-del-conurbano-si-la-situacion-no-cambia-va-a-haber-saqueos-a-corto-plazo\/","title":{"rendered":"Alerta de un bar\u00f3n del Conurbano: &#8220;Si la situaci\u00f3n no cambia, va a haber saqueos a corto plazo&#8221;"},"content":{"rendered":"<p><em><strong>En las \u00faltimas tres semanas el gobierno del presidente Mauricio Macri enfrent\u00f3 en distintos frentes a los docentes por la puja en la paritaria, los cortes de calles en la Ciudad por parte de las organizaciones sociales que reclaman la implementaci\u00f3n de la ley de Emergencia y al triunvirato de la Confederaci\u00f3n General del Trabajo (CGT) que ya estableci\u00f3 un paro general para el 6 de abril para exigir, entre otras, un cambio en el rumbo econ\u00f3mico. En ese marco, el intendente de Jos\u00e9 C. Paz, Mario Ishii afirm\u00f3 que &#8220;si la situaci\u00f3n no cambia, va a haber saqueos a corto plazo&#8221;<\/strong><\/em><\/p>\n<p>&nbsp;<\/p>\n<p>&nbsp;<\/p>\n<p>&nbsp;<\/p>\n<p>&nbsp;<\/p>\n<p>&nbsp;<\/p>\n<p>&nbsp;<\/p>\n<p>&#8220;Las pol\u00edticas que tomaron han beneficiado a algunos y perjudicado a la mayor\u00eda de la gente&#8221;, remarc\u00f3 el jefe comunal en declaraciones al programa &#8220;Ma\u00f1ana Sylvestre&#8221;, que se emite por Radio 10.<\/p>\n<p>&nbsp;<\/p>\n<p>Asimismo, sostuvo que &#8220;la plata no alcanza para nadie, ni para los que ganan poco ni para los que ganan mucho&#8221;, al tiempo que advirti\u00f3: &#8220;El Gobierno est\u00e1 muy relajado pero este a\u00f1o va a ser dur\u00edsimo&#8221;.<\/p>\n<p>&nbsp;<\/p>\n<p>Ishii dej\u00f3 en claro su postura a favor de dirimir las candidaturas del PJ de cara los comicios de octubre dentro de las PASO. &#8220;Si hay que ir a elecciones se ir\u00e1; al peronismo no se lo puede llevar de las narices&#8221;, asever\u00f3. El jefe comunal de Jos\u00e9 C. Paz busc\u00f3 con ello salir al cruce de versiones period\u00edsticas que dieron cuenta de la posibilidad de que integre, una lista colectora, ligada al oficialismo provincial.<\/p>\n<p>&nbsp;<\/p>\n<p>&#8220;Hace 28 a\u00f1os que soy parte del peronismo y no pienso cambiar de camiseta&#8221;, asever\u00f3 Ishii y carg\u00f3 contra &#8220;otros m\u00e1s nuevos que se piensan que ac\u00e1 se va y se viene&#8221;.<\/p>\n<p>&nbsp;<\/p>\n<p>El dirigente bonaerense se refiri\u00f3 tambi\u00e9n a su v\u00ednculo con la ex presidenta Cristina de Kirchner y sostuvo que &#8220;hace mucho&#8221; que no habla con ella, aunque deber\u00e1 hacerlo &#8220;para ver qu\u00e9 quiere hacer&#8221;. &#8220;Yo la veo candidata, la van a pedir porque este gobierno no ha sido mejor que el anterior&#8221;, evalu\u00f3 el intendente de Jos\u00e9 C. Paz.<\/p>\n","protected":false},"excerpt":{"rendered":"<p>En las \u00faltimas tres semanas el gobierno del presidente Mauricio Macri enfrent\u00f3 en distintos frentes a los docentes por la puja en la paritaria, los cortes de calles en la Ciudad por parte de las organizaciones sociales que reclaman la implementaci\u00f3n de la ley de Emergencia y al triunvirato de la Confederaci\u00f3n General del Trabajo (CGT) que ya estableci\u00f3 un paro general para el 6 de abril para exigir, entre otras, un cambio en el rumbo econ\u00f3mico. En ese marco, el intendente de Jos\u00e9 C. Paz, Mario Ishii afirm\u00f3 que&#8230;<\/p>\n","protected":false},"author":3,"featured_media":8915,"comment_status":"closed","ping_status":"closed","sticky":false,"template":"","format":"standard","meta":[],"categories":[18],"tags":[],"_links":{"self":[{"href":"https:\/\/www.actualidadadiario.com\/index.php\/wp-json\/wp\/v2\/posts\/8914"}],"collection":[{"href":"https:\/\/www.actualidadadiario.com\/index.php\/wp-json\/wp\/v2\/posts"}],"about":[{"href":"https:\/\/www.actualidadadiario.com\/index.php\/wp-json\/wp\/v2\/types\/post"}],"author":[{"embeddable":true,"href":"https:\/\/www.actualidadadiario.com\/index.php\/wp-json\/wp\/v2\/users\/3"}],"replies":[{"embeddable":true,"href":"https:\/\/www.actualidadadiario.com\/index.php\/wp-json\/wp\/v2\/comments?post=8914"}],"version-history":[{"count":1,"href":"https:\/\/www.actualidadadiario.com\/index.php\/wp-json\/wp\/v2\/posts\/8914\/revisions"}],"predecessor-version":[{"id":8916,"href":"https:\/\/www.actualidadadiario.com\/index.php\/wp-json\/wp\/v2\/posts\/8914\/revisions\/8916"}],"wp:featuredmedia":[{"embeddable":true,"href":"https:\/\/www.actualidadadiario.com\/index.php\/wp-json\/wp\/v2\/media\/8915"}],"wp:attachment":[{"href":"https:\/\/www.actualidadadiario.com\/index.php\/wp-json\/wp\/v2\/media?parent=8914"}],"wp:term":[{"taxonomy":"category","embeddable":true,"href":"https:\/\/www.actualidadadiario.com\/index.php\/wp-json\/wp\/v2\/categories?post=8914"},{"taxonomy":"post_tag","embeddable":true,"href":"https:\/\/www.actualidadadiario.com\/index.php\/wp-json\/wp\/v2\/tags?post=8914"}],"curies":[{"name":"wp","href":"https:\/\/api.w.org\/{rel}","templated":true}]}}