{"id":8908,"date":"2017-03-23T10:14:51","date_gmt":"2017-03-23T13:14:51","guid":{"rendered":"http:\/\/actualidadadiario.com\/site\/?p=8908"},"modified":"2017-03-23T10:14:51","modified_gmt":"2017-03-23T13:14:51","slug":"bullrich-afirmo-que-no-habra-paritaria-nacional-y-minimizo-la-marcha-docente","status":"publish","type":"post","link":"https:\/\/www.actualidadadiario.com\/index.php\/2017\/03\/23\/bullrich-afirmo-que-no-habra-paritaria-nacional-y-minimizo-la-marcha-docente\/","title":{"rendered":"Bullrich afirm\u00f3 que no habr\u00e1 paritaria nacional y minimiz\u00f3 la marcha docente"},"content":{"rendered":"<p><em><strong>Este mi\u00e9rcoles estuvo signado por la multitudinaria marcha de los docentes solicitando una paritaria nacional. En una entrevista televisiva, el encargado de la cartera de educaci\u00f3n, Esteban Bullrich minimiz\u00f3 la masiva protesta afirmando que muchos docentes asistieron a las aulas a dar clases. Tambi\u00e9n habl\u00f3 de la pol\u00e9mica frase de Macri de &#8220;caer en la educaci\u00f3n p\u00fablica&#8221;<\/strong><\/em><\/p>\n<p>&nbsp;<\/p>\n<p>&nbsp;<\/p>\n<p>&nbsp;<\/p>\n<p>&nbsp;<\/p>\n<p>El Ministro de Educaci\u00f3n de la Naci\u00f3n, Esteban Bullrich asegur\u00f3 este mi\u00e9rcoles que en \u201cmuch\u00edsimas provincias\u201d no hubo acatamiento al paro y consider\u00f3 que la masiva protesta docente no est\u00e1 basada en la gesti\u00f3n educativa del Gobierno, minimiz\u00e1ndola.<\/p>\n<p>&nbsp;<\/p>\n<p>Adem\u00e1s, el ministro de Educaci\u00f3n ratific\u00f3 que recibir\u00e1 a los gremios cuando se cierren las negociaciones salariales provinciales y sostuvo que la paritaria nacional \u201cnunca fue referencia\u201d. Bullrich admiti\u00f3 en el programa period\u00edstico \u201cA dos voces\u201d (Todo Noticias) que la movilizaci\u00f3n fue muy importante, pero agreg\u00f3: \u201cLa mayor\u00eda de los docentes dieron clase.<\/p>\n<p>&nbsp;<\/p>\n<p>Much\u00edsimas provincias tuvieron cero acatamiento al paro\u201d. El funcionario se\u00f1al\u00f3 que el Ejecutivo aument\u00f3 en un 40% el presupuesto educativo y dijo que, cuando asumi\u00f3 Cambiemos, el salario b\u00e1sico docente estaba por debajo del m\u00ednimo vital y m\u00f3vil y era de $5.600.<\/p>\n<p>&nbsp;<\/p>\n<p>\u201cAumentamos el piso a $9.672, un 72%\u201d, agreg\u00f3. Por eso, consider\u00f3 que la protesta \u201cno est\u00e1 basada en la realidad\u201d de las medidas que se tomaron para mejorar la situaci\u00f3n de los maestros. Tambi\u00e9n, explic\u00f3 que el aumento del salario m\u00ednimo que aplicar\u00e1 el ministerio de Trabaja se aplicar\u00e1 autom\u00e1ticamente al sueldo de los docentes. Por otro lado, Esteban Bullrich reafirm\u00f3 la postura del Gobierno Nacional y anunci\u00f3: \u201cMe voy a reunir con los gremios cuando se resuelvan las paritarias provinciales y no haya paros en el medio\u201d. E insisti\u00f3 en que los que pagan los sueldos son los gobernadores y necesitan tener una referencia salarial acorde con sus finanzas.<\/p>\n<p>&nbsp;<\/p>\n<p>Adem\u00e1s, dijo que para llamar a una paritaria nacional habr\u00eda que dejar de tener un sistema federal y que el Estado Nacional pague los sueldos. \u201cEl a\u00f1o pasado aumentamos el piso, pero esa referencia no fue para las provincias. Ning\u00fan distrito aument\u00f3 el 40% porque nunca fue referencia la paritaria nacional\u201d, sostuvo. \u201cCaer en la educaci\u00f3n p\u00fablica\u201d Al funcionario tambi\u00e9n le toc\u00f3 opinar sobre el fallido de Mauricio Macri, que se lament\u00f3 de que los chicos con menos recursos tengan que \u201ccaer\u201d en la educaci\u00f3n p\u00fablica. \u201cNo s\u00e9 cu\u00e1l es la sorpresa.<\/p>\n<p>&nbsp;<\/p>\n<p>El Presidente dijo por primera vez p\u00fablicamente que tenemos un problema y nos hacemos. La escuela estatal no es la que era\u201d, consider\u00f3. Bullrich insisti\u00f3 en que muchos chicos que querr\u00edan elegir la escuela privada no lo hacen porque sus familias no pueden pagarla.<\/p>\n<p>&nbsp;<\/p>\n<p>Adem\u00e1s, ratific\u00f3 que el operativo Aprender 2016 demostr\u00f3 que la educaci\u00f3n estatal tiene un nivel inferior y no les da las mismas oportunidades a todos los estudiantes del pa\u00eds. \u201cNo le escapamos a la coyuntura, La queremos resolver, pero no podemos si es ficticia. En 2015 triplicamos los fondos educativos que van para salario y los estamos distribuyendo\u201d, sostuvo Esteban Bullrich. Y concluy\u00f3 que la Naci\u00f3n no puede auxiliar a cada provincia porque no tiene los recursos.<\/p>\n","protected":false},"excerpt":{"rendered":"<p>Este mi\u00e9rcoles estuvo signado por la multitudinaria marcha de los docentes solicitando una paritaria nacional. En una entrevista televisiva, el encargado de la cartera de educaci\u00f3n, Esteban Bullrich minimiz\u00f3 la masiva protesta afirmando que muchos docentes asistieron a las aulas a dar clases. Tambi\u00e9n habl\u00f3 de la pol\u00e9mica frase de Macri de &#8220;caer en la educaci\u00f3n p\u00fablica&#8221; &nbsp; &nbsp; &nbsp; &nbsp; El Ministro de Educaci\u00f3n de la Naci\u00f3n, Esteban Bullrich asegur\u00f3 este mi\u00e9rcoles que en \u201cmuch\u00edsimas provincias\u201d no hubo acatamiento al paro y consider\u00f3 que la masiva protesta docente no&#8230;<\/p>\n","protected":false},"author":3,"featured_media":8909,"comment_status":"closed","ping_status":"closed","sticky":false,"template":"","format":"standard","meta":[],"categories":[9],"tags":[],"_links":{"self":[{"href":"https:\/\/www.actualidadadiario.com\/index.php\/wp-json\/wp\/v2\/posts\/8908"}],"collection":[{"href":"https:\/\/www.actualidadadiario.com\/index.php\/wp-json\/wp\/v2\/posts"}],"about":[{"href":"https:\/\/www.actualidadadiario.com\/index.php\/wp-json\/wp\/v2\/types\/post"}],"author":[{"embeddable":true,"href":"https:\/\/www.actualidadadiario.com\/index.php\/wp-json\/wp\/v2\/users\/3"}],"replies":[{"embeddable":true,"href":"https:\/\/www.actualidadadiario.com\/index.php\/wp-json\/wp\/v2\/comments?post=8908"}],"version-history":[{"count":1,"href":"https:\/\/www.actualidadadiario.com\/index.php\/wp-json\/wp\/v2\/posts\/8908\/revisions"}],"predecessor-version":[{"id":8910,"href":"https:\/\/www.actualidadadiario.com\/index.php\/wp-json\/wp\/v2\/posts\/8908\/revisions\/8910"}],"wp:featuredmedia":[{"embeddable":true,"href":"https:\/\/www.actualidadadiario.com\/index.php\/wp-json\/wp\/v2\/media\/8909"}],"wp:attachment":[{"href":"https:\/\/www.actualidadadiario.com\/index.php\/wp-json\/wp\/v2\/media?parent=8908"}],"wp:term":[{"taxonomy":"category","embeddable":true,"href":"https:\/\/www.actualidadadiario.com\/index.php\/wp-json\/wp\/v2\/categories?post=8908"},{"taxonomy":"post_tag","embeddable":true,"href":"https:\/\/www.actualidadadiario.com\/index.php\/wp-json\/wp\/v2\/tags?post=8908"}],"curies":[{"name":"wp","href":"https:\/\/api.w.org\/{rel}","templated":true}]}}