{"id":8905,"date":"2017-03-23T10:14:12","date_gmt":"2017-03-23T13:14:12","guid":{"rendered":"http:\/\/actualidadadiario.com\/site\/?p=8905"},"modified":"2017-03-23T10:14:12","modified_gmt":"2017-03-23T13:14:12","slug":"piqueteros-presentaron-proyecto-para-blindar-protestas-sociales","status":"publish","type":"post","link":"https:\/\/www.actualidadadiario.com\/index.php\/2017\/03\/23\/piqueteros-presentaron-proyecto-para-blindar-protestas-sociales\/","title":{"rendered":"Piqueteros presentaron proyecto para blindar protestas sociales"},"content":{"rendered":"<p><em><strong>Movimientos y organizaciones sociales presentaron este mi\u00e9rcoles en el Congreso un proyecto de ley para proteger los piquetes. La iniciativa es promovida por el Movimiento Evita de Emilio P\u00e9rsico, la Corriente Clasista y Combativa de Juan Carlos Alderete, Barrios de Pie de Jorge Ceballos y la CTEP de Juan Garbois<\/strong><\/em><\/p>\n<p>&nbsp;<\/p>\n<p>&nbsp;<\/p>\n<p>&nbsp;<\/p>\n<p>&nbsp;<\/p>\n<p>&nbsp;<\/p>\n<p>El proyecto fue presentado por el diputado por el Peronismo para la Victoria &#8211; Movimiento Evita, Leonardo Grosso, quien indic\u00f3 que buscan proteger &#8220;un derecho b\u00e1sico&#8221; como es la protesta social.<\/p>\n<p>&nbsp;<\/p>\n<p>Durante una conferencia de prensa, el legislador revel\u00f3 los tres ejes del proyecto de ley: resguardar el derecho a la protesta, la creaci\u00f3n de una comisi\u00f3n bicameral de seguimiento y criterios sobre la actuaci\u00f3n de las fuerzas de seguridad.<\/p>\n<p>&nbsp;<\/p>\n<p>El proyecto fue presentado bajo el nombre de &#8220;Kosteki y Santill\u00e1n&#8221;, quienes fueron asesinados durante una represi\u00f3n policial en Avellaneda en 2002.<\/p>\n<p>&nbsp;<\/p>\n<p>&nbsp;<\/p>\n<p>&nbsp;<\/p>\n<p>&nbsp;<\/p>\n<p><strong>Denunciaron a P\u00e9rsico por incitaci\u00f3n a la violencia <\/strong><\/p>\n<p>Un fiscal penal de La Plata denunci\u00f3 al referente del Movimiento Evita, Emilio P\u00e9rsico por los presuntos delitos de &#8220;Apolog\u00eda del Crimen&#8221; e &#8220;Incitaci\u00f3n a la Violencia Colectiva&#8221;, por anticipar el corte de rutas y decir que la ministra de Seguridad, Patricia Bullrich, no tiene manera de controlarlos.<\/p>\n<p>&nbsp;<\/p>\n<p>La presentaci\u00f3n la hizo el fiscal penal Marcelo Romero, ante su par de turno en La Plata, Virginia Bravo, en la que pide investigar si P\u00e9rsico cometi\u00f3 los delitos citados, que tienen una pena de un a\u00f1o a seis a\u00f1os de prisi\u00f3n.<\/p>\n<p>&nbsp;<\/p>\n<p>En la denuncia, Romero sostuvo: &#8220;Con fecha 21 de Marzo de 2017, Emilio P\u00e9rsico, qui\u00e9n resulta ser dirigente del Movimiento Evita, ha realizado expresiones en las que se pondera la comisi\u00f3n de graves delitos contra los poderes p\u00fablicos y la convivencia democr\u00e1tica&#8221;.<\/p>\n<p>&nbsp;<\/p>\n<p>All\u00ed hace alusi\u00f3n a que el dirigente expres\u00f3 que &#8220;la semana que viene vamos a cortar las rutas, que la compa\u00f1era Patricia no se imagine otra cosa\u00a8, para luego manifestar: \u00a8Hay mucha masividad en los cortes, Patricia Bullrich no tiene manera de controlarlo&#8221;.<\/p>\n<p>&nbsp;<\/p>\n<p>Para el fiscal, estas expresiones &#8220;desafiantes superan con holgura la simple libertad de expresi\u00f3n, intern\u00e1ndose en el plano de la ilegalidad, sobre todo por tratarse de un dirigente pol\u00edtico, quien ejerce un liderazgo masivo respecto de sus seguidores y simpatizantes, y por haberse pronunciado de forma p\u00fablica, con gran repercusi\u00f3n en medios period\u00edsticos y redes sociales&#8221;.<\/p>\n","protected":false},"excerpt":{"rendered":"<p>Movimientos y organizaciones sociales presentaron este mi\u00e9rcoles en el Congreso un proyecto de ley para proteger los piquetes. La iniciativa es promovida por el Movimiento Evita de Emilio P\u00e9rsico, la Corriente Clasista y Combativa de Juan Carlos Alderete, Barrios de Pie de Jorge Ceballos y la CTEP de Juan Garbois &nbsp; &nbsp; &nbsp; &nbsp; &nbsp; El proyecto fue presentado por el diputado por el Peronismo para la Victoria &#8211; Movimiento Evita, Leonardo Grosso, quien indic\u00f3 que buscan proteger &#8220;un derecho b\u00e1sico&#8221; como es la protesta social. &nbsp; Durante una conferencia&#8230;<\/p>\n","protected":false},"author":3,"featured_media":8906,"comment_status":"closed","ping_status":"closed","sticky":false,"template":"","format":"standard","meta":[],"categories":[18],"tags":[],"_links":{"self":[{"href":"https:\/\/www.actualidadadiario.com\/index.php\/wp-json\/wp\/v2\/posts\/8905"}],"collection":[{"href":"https:\/\/www.actualidadadiario.com\/index.php\/wp-json\/wp\/v2\/posts"}],"about":[{"href":"https:\/\/www.actualidadadiario.com\/index.php\/wp-json\/wp\/v2\/types\/post"}],"author":[{"embeddable":true,"href":"https:\/\/www.actualidadadiario.com\/index.php\/wp-json\/wp\/v2\/users\/3"}],"replies":[{"embeddable":true,"href":"https:\/\/www.actualidadadiario.com\/index.php\/wp-json\/wp\/v2\/comments?post=8905"}],"version-history":[{"count":1,"href":"https:\/\/www.actualidadadiario.com\/index.php\/wp-json\/wp\/v2\/posts\/8905\/revisions"}],"predecessor-version":[{"id":8907,"href":"https:\/\/www.actualidadadiario.com\/index.php\/wp-json\/wp\/v2\/posts\/8905\/revisions\/8907"}],"wp:featuredmedia":[{"embeddable":true,"href":"https:\/\/www.actualidadadiario.com\/index.php\/wp-json\/wp\/v2\/media\/8906"}],"wp:attachment":[{"href":"https:\/\/www.actualidadadiario.com\/index.php\/wp-json\/wp\/v2\/media?parent=8905"}],"wp:term":[{"taxonomy":"category","embeddable":true,"href":"https:\/\/www.actualidadadiario.com\/index.php\/wp-json\/wp\/v2\/categories?post=8905"},{"taxonomy":"post_tag","embeddable":true,"href":"https:\/\/www.actualidadadiario.com\/index.php\/wp-json\/wp\/v2\/tags?post=8905"}],"curies":[{"name":"wp","href":"https:\/\/api.w.org\/{rel}","templated":true}]}}