{"id":8902,"date":"2017-03-23T10:13:26","date_gmt":"2017-03-23T13:13:26","guid":{"rendered":"http:\/\/actualidadadiario.com\/site\/?p=8902"},"modified":"2017-03-23T10:13:26","modified_gmt":"2017-03-23T13:13:26","slug":"urtubey-el-pj-tiene-que-mirar-al-futuro-y-dejar-atras-el-pasado","status":"publish","type":"post","link":"https:\/\/www.actualidadadiario.com\/index.php\/2017\/03\/23\/urtubey-el-pj-tiene-que-mirar-al-futuro-y-dejar-atras-el-pasado\/","title":{"rendered":"Urtubey: \u201cEl PJ tiene que mirar al futuro y dejar atr\u00e1s el pasado\u201d"},"content":{"rendered":"<p><em><strong>El gobernador de Salta y el Presidente inauguraron un museo sobre mart\u00edn Miguel de G\u00fcemes. Pidi\u00f3 acelerar la discusi\u00f3n de una nueva ley de coparticipaci\u00f3n y critic\u00f3 el sistema de reparto de fondos en relaci\u00f3n con las regal\u00edas hidrocarbur\u00edferas<\/strong><\/em><\/p>\n<p>&nbsp;<\/p>\n<p>&nbsp;<\/p>\n<p>&nbsp;<\/p>\n<p>&nbsp;<\/p>\n<p>El gobernador de Salta, Juan Manuel Urtubey, pidi\u00f3 rediscutir la ley de coparticipaci\u00f3n, y se sum\u00f3 al lote de mandatarios que se ve perjudicado en el reparto de fondos, en declaraciones donde se mostr\u00f3 zigzagueante respecto a la relaci\u00f3n con Mauricio Macri y frontal contra una eventual candidatura de Cristina de Kirchner: &#8220;El peronismo tiene que mirar al futuro y no al pasado&#8221;, dijo.<\/p>\n<p>&nbsp;<\/p>\n<p>En di\u00e1logo con periodistas de Buenos Aires que llegaron a la provincia para el acto de inauguraci\u00f3n del Museo de Mart\u00edn Miguel de G\u00fcemes (ver aparte) el gobernador justicialista remarc\u00f3: &#8220;Argentina necesita crecer y que todos apoyemos; en ese marco hubo un vasto sector del peronismo que ha acompa\u00f1ado pol\u00edticas del gobierno entendiendo que era necesario. Antes de 2015 planteaba que hab\u00eda que acercarse al mercado de capitales, que hab\u00eda que ser m\u00e1s aperturista. Ahora que lo hace un gobierno que no es de nuestro signo, lo tengo que acompa\u00f1ar, sino ser\u00eda incoherente&#8221;.<\/p>\n<p>&nbsp;<\/p>\n<p>No obstante, Urtubey pidi\u00f3 rediscutir la coparticipaci\u00f3n. &#8220;Uno se sienta a evaluar el presupuesto por habitante, y Salta es de las provincias perjudicadas. Hay una inequidad que viene desde los or\u00edgenes&#8221;, manifest\u00f3. El mandatario calific\u00f3 de &#8220;ex\u00f3tica&#8221; la forma de compensaci\u00f3n donde las provincias que ten\u00edan regal\u00edas recib\u00edan menos. &#8220;A nosotros se nos sec\u00f3 la producci\u00f3n por falta de precio y por el cansancio de la cuenca. Era una fuente de ingresos importantes y nos quedamos rengos en el reparto de fondos&#8221;, alert\u00f3.<\/p>\n<p>&nbsp;<\/p>\n<p>En tono siempre medido, apoy\u00f3 y cuestion\u00f3 al gobierno nacional en dosis parejas. Pidi\u00f3 salir de &#8220;l\u00f3gica del milagro como forma de resolver los problemas&#8221; y &#8220;bancar los procesos&#8221;, al tiempo que advirti\u00f3 que la situaci\u00f3n de &#8220;un argentino cada tres en la pobreza&#8221; es &#8220;dram\u00e1tica&#8221; y que los aumentos de tarifas llevaron a la clase media a vivir en &#8220;zozobra permanente&#8221;.<\/p>\n<p>&nbsp;<\/p>\n<p>En cuanto a su lugar dentro del peronismo asegur\u00f3 que &#8220;no hay ninguna posibilidad&#8221; de un salto al espacio de Cambiemos. &#8220;Hay que entender que se puede ayudar desde veredas diferentes. La l\u00f3gica del pensamiento \u00fanico no va m\u00e1s. Era un sainete divertido porque se discut\u00eda si era bueno que nos incorporemos pero nunca nos preguntaron. Eso ser\u00eda contraproducente. Se puede construir por fuera&#8221;, dijo Urtubey.<\/p>\n<p>&nbsp;<\/p>\n<p>Sobre las internas del PJ, indic\u00f3 que &#8220;hace falta que las alternativas al Gobierno sean razonables, que entiendan la l\u00f3gica republicana. No cambiar un personalismo por otro&#8221;. &#8220;Si el peronismo es s\u00f3lo la reivindicaciones de una gesta del pasado, por m\u00e1s bueno que haya sido, estamos complicados. El peronismo tiene que ser una expresi\u00f3n de futuro porque la gente nos pide ir para adelante&#8221;, sostuvo, al tiempo que a\u00f1adi\u00f3, ir\u00f3nico, que &#8220;el Luche y Vuelve era con Per\u00f3n&#8221;. Adem\u00e1s, remarc\u00f3 que una polarizaci\u00f3n Cristina-Macri &#8220;ayuda al gobierno&#8221; en t\u00e9rminos electorales.<\/p>\n","protected":false},"excerpt":{"rendered":"<p>El gobernador de Salta y el Presidente inauguraron un museo sobre mart\u00edn Miguel de G\u00fcemes. Pidi\u00f3 acelerar la discusi\u00f3n de una nueva ley de coparticipaci\u00f3n y critic\u00f3 el sistema de reparto de fondos en relaci\u00f3n con las regal\u00edas hidrocarbur\u00edferas &nbsp; &nbsp; &nbsp; &nbsp; El gobernador de Salta, Juan Manuel Urtubey, pidi\u00f3 rediscutir la ley de coparticipaci\u00f3n, y se sum\u00f3 al lote de mandatarios que se ve perjudicado en el reparto de fondos, en declaraciones donde se mostr\u00f3 zigzagueante respecto a la relaci\u00f3n con Mauricio Macri y frontal contra una eventual&#8230;<\/p>\n","protected":false},"author":3,"featured_media":8903,"comment_status":"closed","ping_status":"closed","sticky":false,"template":"","format":"standard","meta":[],"categories":[18],"tags":[],"_links":{"self":[{"href":"https:\/\/www.actualidadadiario.com\/index.php\/wp-json\/wp\/v2\/posts\/8902"}],"collection":[{"href":"https:\/\/www.actualidadadiario.com\/index.php\/wp-json\/wp\/v2\/posts"}],"about":[{"href":"https:\/\/www.actualidadadiario.com\/index.php\/wp-json\/wp\/v2\/types\/post"}],"author":[{"embeddable":true,"href":"https:\/\/www.actualidadadiario.com\/index.php\/wp-json\/wp\/v2\/users\/3"}],"replies":[{"embeddable":true,"href":"https:\/\/www.actualidadadiario.com\/index.php\/wp-json\/wp\/v2\/comments?post=8902"}],"version-history":[{"count":1,"href":"https:\/\/www.actualidadadiario.com\/index.php\/wp-json\/wp\/v2\/posts\/8902\/revisions"}],"predecessor-version":[{"id":8904,"href":"https:\/\/www.actualidadadiario.com\/index.php\/wp-json\/wp\/v2\/posts\/8902\/revisions\/8904"}],"wp:featuredmedia":[{"embeddable":true,"href":"https:\/\/www.actualidadadiario.com\/index.php\/wp-json\/wp\/v2\/media\/8903"}],"wp:attachment":[{"href":"https:\/\/www.actualidadadiario.com\/index.php\/wp-json\/wp\/v2\/media?parent=8902"}],"wp:term":[{"taxonomy":"category","embeddable":true,"href":"https:\/\/www.actualidadadiario.com\/index.php\/wp-json\/wp\/v2\/categories?post=8902"},{"taxonomy":"post_tag","embeddable":true,"href":"https:\/\/www.actualidadadiario.com\/index.php\/wp-json\/wp\/v2\/tags?post=8902"}],"curies":[{"name":"wp","href":"https:\/\/api.w.org\/{rel}","templated":true}]}}