{"id":890,"date":"2016-09-12T09:46:04","date_gmt":"2016-09-12T12:46:04","guid":{"rendered":"http:\/\/actualidadadiario.com\/site\/?p=890"},"modified":"2016-09-12T09:46:04","modified_gmt":"2016-09-12T12:46:04","slug":"crisis-petrolera-gobernadores-llegan-preocupados-a-una-cita-con-macri","status":"publish","type":"post","link":"https:\/\/www.actualidadadiario.com\/index.php\/2016\/09\/12\/crisis-petrolera-gobernadores-llegan-preocupados-a-una-cita-con-macri\/","title":{"rendered":"Crisis petrolera: gobernadores llegan preocupados a una cita con Macri"},"content":{"rendered":"<p><em><strong>El encargado de organizar el encuentro es el senador nacional Guillermo Pereyra. La situaci\u00f3n en la cuenca neuquina preocupa al hist\u00f3rico dirigente y a los mandatarios de la regi\u00f3n<\/strong><\/em><\/p>\n<p><strong>\u00a0<\/strong><\/p>\n<p><strong>\u00a0<\/strong><\/p>\n<p>El presidente de la Naci\u00f3n,\u00a0Mauricio Macri, recibir\u00e1 este lunes a los principales actores pol\u00edticos de la industria petrolera nacional. De la reuni\u00f3n participar\u00e1n los gobernadores de Neuqu\u00e9n,\u00a0Omar Guti\u00e9rrez, y de R\u00edo Negro, Alberto Weretilneck, representantes de las empresas y de los gremios jer\u00e1rquicos.<\/p>\n<p>Como uno de los art\u00edfices, el secretario general del Sindicato de Petr\u00f3leo y Gas Privado de R\u00edo Negro, Neuqu\u00e9n y La Pampa y senador nacional del Movimiento Popular Neuquino (MPN),\u00a0Guillermo Pereyra, volver\u00e1 a encontrarse este lunes con<strong>\u00a0<\/strong><strong>Macri<\/strong>, en una cita acordada durante su \u00faltimo encuentro en Olivos antes de la partida del jefe de Estado a China para la cumbre del G-20.<\/p>\n<p>Pereyra fue quien le propuso realizar esta nueva cumbre, que comenzar\u00e1 a las 16:30, con los gobernadores provinciales, presidentes de las empresas y los ministros para cerrar ciertos mecanismos \u201cque permitan volver a poner a Vaca Muerta en acci\u00f3n\u201d.<\/p>\n<p>\u201cTenemos el petr\u00f3leo, tenemos el gas y estamos perdiendo tiempo y dejando caer \u00e9ste 37 por ciento de producci\u00f3n de gas que hab\u00edamos recuperado en estos a\u00f1os, porque no hay inversiones\u201d, advirti\u00f3 el legislador neuquino, y a\u00f1adi\u00f3: \u201cR\u00e1pidamente debemos lograr que vuelvan los equipos a trabajar y recuperar la producci\u00f3n de gas que tanta falta nos hace a los argentinos\u201d.<\/p>\n<p>\u201cLo que m\u00e1s le interesa a la organizaci\u00f3n sindical es que la gente no pierda el trabajo. Lo importante es que est\u00e1n frenados los despidos y seguimos hablando con todos los sectores porque tenemos la esperanza de llegar a un acuerdo global que involucre tambi\u00e9n un Plan Energ\u00e9tico Nacional que se debe discutir\u201d, insisti\u00f3.<\/p>\n<p>En este sentido, sostuvo que no se puede seguir poniendo parches en el sector, \u201cporque tenemos problemas con la electricidad, tenemos problemas con el gas, entonces es claro que necesitamos un plan energ\u00e9tico\u201d.<\/p>\n<p>Respecto a la situaci\u00f3n que atraviesan las empresas de la Cuenca Neuquina, Pereyra inform\u00f3 que en la regi\u00f3n hay aproximadamente\u00a01.800 trabajadores parados en sus casas o en las bases, \u201cpararon todas las empresas pr\u00e1cticamente y la baja de equipos repercute en todas las empresas de servicios, sobre todo de transporte porque no tienen a quien transportar; se para todo lo que se mueve alrededor de los equipos de perforaci\u00f3n\u201d.<\/p>\n<p>En las \u00faltimas horas explic\u00f3 la situaci\u00f3n de los casi 500 trabajadores de\u00a0OPS en Rinc\u00f3n de los Sauces, a partir de la ca\u00edda del contrato de la empresa con YPF, y dijo que la empresa PECOM -que gan\u00f3 la nueva licitaci\u00f3n- se hizo cargo de la mayor\u00eda de los trabajadores \u201cy solo unos 100 no fueron tomados por la empresa y ser\u00e1n reubicados por YPF\u201d.<\/p>\n<p>\u201cLo que hemos hecho con los compa\u00f1eros de OPS es una sesi\u00f3n de contrato laboral hacia PECOM con todos los beneficios y toda la antig\u00fcedad; y el martes vamos a estar firmando el acta correspondiente en Capital Federal\u201d, inform\u00f3.<\/p>\n<p>Finalmente, habl\u00f3 sobre la preocupaci\u00f3n que manifiestan desde el Sindicato respecto a la situaci\u00f3n de la empresa San Antonio, que tiene cerca de 30 equipos parados, \u201ccon la gente en la base o en la casa cobrando ocho horas\u201d. \u201cEsto es un tema que nos preocupa, porque sabemos que la \u00fanica forma de que esta gente salga a trabajar es levantando los equipos. Para eso se debe resolver el tema de la inversi\u00f3n, porque YPF no tiene m\u00e1s plata\u201d, concluy\u00f3.<\/p>\n","protected":false},"excerpt":{"rendered":"<p>El encargado de organizar el encuentro es el senador nacional Guillermo Pereyra. La situaci\u00f3n en la cuenca neuquina preocupa al hist\u00f3rico dirigente y a los mandatarios de la regi\u00f3n \u00a0 \u00a0 El presidente de la Naci\u00f3n,\u00a0Mauricio Macri, recibir\u00e1 este lunes a los principales actores pol\u00edticos de la industria petrolera nacional. De la reuni\u00f3n participar\u00e1n los gobernadores de Neuqu\u00e9n,\u00a0Omar Guti\u00e9rrez, y de R\u00edo Negro, Alberto Weretilneck, representantes de las empresas y de los gremios jer\u00e1rquicos. Como uno de los art\u00edfices, el secretario general del Sindicato de Petr\u00f3leo y Gas Privado de&#8230;<\/p>\n","protected":false},"author":3,"featured_media":891,"comment_status":"closed","ping_status":"closed","sticky":false,"template":"","format":"standard","meta":[],"categories":[2],"tags":[],"_links":{"self":[{"href":"https:\/\/www.actualidadadiario.com\/index.php\/wp-json\/wp\/v2\/posts\/890"}],"collection":[{"href":"https:\/\/www.actualidadadiario.com\/index.php\/wp-json\/wp\/v2\/posts"}],"about":[{"href":"https:\/\/www.actualidadadiario.com\/index.php\/wp-json\/wp\/v2\/types\/post"}],"author":[{"embeddable":true,"href":"https:\/\/www.actualidadadiario.com\/index.php\/wp-json\/wp\/v2\/users\/3"}],"replies":[{"embeddable":true,"href":"https:\/\/www.actualidadadiario.com\/index.php\/wp-json\/wp\/v2\/comments?post=890"}],"version-history":[{"count":1,"href":"https:\/\/www.actualidadadiario.com\/index.php\/wp-json\/wp\/v2\/posts\/890\/revisions"}],"predecessor-version":[{"id":892,"href":"https:\/\/www.actualidadadiario.com\/index.php\/wp-json\/wp\/v2\/posts\/890\/revisions\/892"}],"wp:featuredmedia":[{"embeddable":true,"href":"https:\/\/www.actualidadadiario.com\/index.php\/wp-json\/wp\/v2\/media\/891"}],"wp:attachment":[{"href":"https:\/\/www.actualidadadiario.com\/index.php\/wp-json\/wp\/v2\/media?parent=890"}],"wp:term":[{"taxonomy":"category","embeddable":true,"href":"https:\/\/www.actualidadadiario.com\/index.php\/wp-json\/wp\/v2\/categories?post=890"},{"taxonomy":"post_tag","embeddable":true,"href":"https:\/\/www.actualidadadiario.com\/index.php\/wp-json\/wp\/v2\/tags?post=890"}],"curies":[{"name":"wp","href":"https:\/\/api.w.org\/{rel}","templated":true}]}}