{"id":8899,"date":"2017-03-23T10:12:39","date_gmt":"2017-03-23T13:12:39","guid":{"rendered":"http:\/\/actualidadadiario.com\/site\/?p=8899"},"modified":"2017-03-23T10:12:39","modified_gmt":"2017-03-23T13:12:39","slug":"los-docentes-se-endurecen-no-nos-arrodillamos","status":"publish","type":"post","link":"https:\/\/www.actualidadadiario.com\/index.php\/2017\/03\/23\/los-docentes-se-endurecen-no-nos-arrodillamos\/","title":{"rendered":"Los docentes se endurecen: &#8220;No nos arrodillamos&#8221;"},"content":{"rendered":"<p><em><strong>La secretaria general de CTERA, Sonia Alesso, sostuvo este mi\u00e9rcoles que los maestros no se &#8220;arrodillan&#8221; y subray\u00f3 que ninguno de los participantes de la multitudinaria marcha docente &#8220;se &#8216;cay\u00f3&#8217; en la escuela p\u00fablica&#8221;, en referencia a los dichos del presidente Mauricio Macri<\/strong><\/em><\/p>\n<p>&nbsp;<\/p>\n<p>&nbsp;<\/p>\n<p>&nbsp;<\/p>\n<p>&nbsp;<\/p>\n<p>&#8220;Los maestros, los profesores de la Argentina, no nos arrodillamos&#8221;, puntualiz\u00f3 la gremialista en el acto central en Plaza de Mayo en reclamo de la paritaria nacional y en &#8220;defensa de la escuela p\u00fablica&#8221;.<\/p>\n<p>&nbsp;<\/p>\n<p>En ese sentido, enfatiz\u00f3: &#8220;No nos rendimos, seguimos peleando&#8221; y resalt\u00f3: &#8220;Le pedimos al Presidente que cumpla la ley&#8221;.<\/p>\n<p>&nbsp;<\/p>\n<p>&#8220;Ense\u00f1amos valores, en la escuela nos importa la solidaridad, el respeto, la democracia, la justicia y la igualdad&#8221;, destac\u00f3 y, al referirse a las declaraciones de Macri, enfatiz\u00f3: &#8220;Ninguno de los que est\u00e1 ac\u00e1 se \u00b4cay\u00f3\u00b4 en la escuela p\u00fablica&#8221;.<\/p>\n<p>&nbsp;<\/p>\n<p>Durante la protesta puntualiz\u00f3, adem\u00e1s: &#8220;No tenemos precio&#8221; y evalu\u00f3 que los participantes de la movilizaci\u00f3n son parte de &#8220;un colectivo amoroso que quiere a la escuela p\u00fablica&#8221;.<\/p>\n","protected":false},"excerpt":{"rendered":"<p>La secretaria general de CTERA, Sonia Alesso, sostuvo este mi\u00e9rcoles que los maestros no se &#8220;arrodillan&#8221; y subray\u00f3 que ninguno de los participantes de la multitudinaria marcha docente &#8220;se &#8216;cay\u00f3&#8217; en la escuela p\u00fablica&#8221;, en referencia a los dichos del presidente Mauricio Macri &nbsp; &nbsp; &nbsp; &nbsp; &#8220;Los maestros, los profesores de la Argentina, no nos arrodillamos&#8221;, puntualiz\u00f3 la gremialista en el acto central en Plaza de Mayo en reclamo de la paritaria nacional y en &#8220;defensa de la escuela p\u00fablica&#8221;. &nbsp; En ese sentido, enfatiz\u00f3: &#8220;No nos rendimos, seguimos&#8230;<\/p>\n","protected":false},"author":3,"featured_media":8900,"comment_status":"closed","ping_status":"closed","sticky":false,"template":"","format":"standard","meta":[],"categories":[18],"tags":[],"_links":{"self":[{"href":"https:\/\/www.actualidadadiario.com\/index.php\/wp-json\/wp\/v2\/posts\/8899"}],"collection":[{"href":"https:\/\/www.actualidadadiario.com\/index.php\/wp-json\/wp\/v2\/posts"}],"about":[{"href":"https:\/\/www.actualidadadiario.com\/index.php\/wp-json\/wp\/v2\/types\/post"}],"author":[{"embeddable":true,"href":"https:\/\/www.actualidadadiario.com\/index.php\/wp-json\/wp\/v2\/users\/3"}],"replies":[{"embeddable":true,"href":"https:\/\/www.actualidadadiario.com\/index.php\/wp-json\/wp\/v2\/comments?post=8899"}],"version-history":[{"count":1,"href":"https:\/\/www.actualidadadiario.com\/index.php\/wp-json\/wp\/v2\/posts\/8899\/revisions"}],"predecessor-version":[{"id":8901,"href":"https:\/\/www.actualidadadiario.com\/index.php\/wp-json\/wp\/v2\/posts\/8899\/revisions\/8901"}],"wp:featuredmedia":[{"embeddable":true,"href":"https:\/\/www.actualidadadiario.com\/index.php\/wp-json\/wp\/v2\/media\/8900"}],"wp:attachment":[{"href":"https:\/\/www.actualidadadiario.com\/index.php\/wp-json\/wp\/v2\/media?parent=8899"}],"wp:term":[{"taxonomy":"category","embeddable":true,"href":"https:\/\/www.actualidadadiario.com\/index.php\/wp-json\/wp\/v2\/categories?post=8899"},{"taxonomy":"post_tag","embeddable":true,"href":"https:\/\/www.actualidadadiario.com\/index.php\/wp-json\/wp\/v2\/tags?post=8899"}],"curies":[{"name":"wp","href":"https:\/\/api.w.org\/{rel}","templated":true}]}}