{"id":8896,"date":"2017-03-23T10:11:55","date_gmt":"2017-03-23T13:11:55","guid":{"rendered":"http:\/\/actualidadadiario.com\/site\/?p=8896"},"modified":"2017-03-23T10:11:55","modified_gmt":"2017-03-23T13:11:55","slug":"masiva-marcha-docente-reclamo-al-gobierno-por-la-paritaria-nacional","status":"publish","type":"post","link":"https:\/\/www.actualidadadiario.com\/index.php\/2017\/03\/23\/masiva-marcha-docente-reclamo-al-gobierno-por-la-paritaria-nacional\/","title":{"rendered":"Masiva marcha docente reclam\u00f3 al Gobierno por la paritaria nacional"},"content":{"rendered":"<p><em><strong>Docentes de todo el pa\u00eds se movilizaron hacia la Plaza de Mayo en una multitudinaria convocatoria en donde nuevamente reclamaron la convocatoria a una paritaria nacional<\/strong><\/em><\/p>\n<p>&nbsp;<\/p>\n<p>&nbsp;<\/p>\n<p>&nbsp;<\/p>\n<p>&nbsp;<\/p>\n<p>&nbsp;<\/p>\n<p>En ese marco, Sonia Alesso, secretaria general de la Ctera, convoc\u00f3 a un nuevo paro nacional el 30 de marzo para sumarse a la marcha y la huelga llamada por las dos CTA, que lideran respectivamente Hugo Yasky y Pablo Micheli.<\/p>\n<p>&nbsp;<\/p>\n<p>Al frente de los manifestantes, marcharon docentes portando carteles individuales pidiendo la apertura de paritarias, junto a los dirigentes sindicales Eduardo L\u00f3pez (UTE-Ctera), Sergio Romero (UDA) y Fabi\u00e1n Felman de la Confederaci\u00f3n de Educadores Argentinos(CEA), la titular de la Ctera Sonia Alesso, el secretario general de la Central de Trabajadores de la Argentina (CTA), Hugo Yasky, y Roberto Baradel, de SUTEBA.<\/p>\n<p>&nbsp;<\/p>\n<p>Baradel, en di\u00e1logo con la prensa, dijo que &#8220;esta marcha es la respuesta al presidente Mauricio Macri por lo que dijo&#8221;, en una referencia a los sectores que &#8220;caen en la escuela p\u00fablica&#8221;.<\/p>\n<p>&nbsp;<\/p>\n<p>Agreg\u00f3 que &#8220;este es el momento oportuno para convocar a los docentes&#8221;, pero &#8220;el conflicto se agrava si el gobierno no da respuesta. Estamos dispuestos a resolver el conflicto. Si el problema es el nombre de paritaria nacional, cambiemos el nombre, pero fijen un piso salarial. Le pido encarecidamente a la gobernadora que nos convoque&#8221;.<\/p>\n<p>&nbsp;<\/p>\n<p>Sonia Alesso, cerr\u00f3 el acto arengando: &#8220;Los docentes no nos arrodillamos&#8221; y llam\u00f3 a &#8220;militar en cada barrio, en cada ciudad&#8221; para defender a la educaci\u00f3n p\u00fablica, al tiempo que asegur\u00f3 que &#8220;vienen por la mercantilizaci\u00f3n de la educaci\u00f3n&#8221;.<\/p>\n<p>&nbsp;<\/p>\n<p>Agradeci\u00f3 tambi\u00e9n &#8220;la solidaridad con Roberto Baradel&#8221; por las amenazas que recibi\u00f3 y remarc\u00f3 que &#8220;los maestros ense\u00f1amos valores, la solidaridad, la democracia&#8221;, al tiempo que record\u00f3 la lucha de los docentes en la Carpa Blanca en la d\u00e9cada de 1990.<\/p>\n<p>&nbsp;<\/p>\n<p>&#8220;Si el gobierno no escucha a los miles de docentes, este conflicto no se va a solucionar, y el gobierno tiene la llave para encontrar la soluci\u00f3n&#8221;, dijo, y convoc\u00f3 a un nuevo paro nacional para el 30 de marzo para sumarse a la marcha llamada por las dos CTA a Plaza de Mayo.<\/p>\n<p>&nbsp;<\/p>\n<p>Antes del discurso de Alesso, habl\u00f3 en primer t\u00e9rmino Sergio Romero, secretario general de UDA, quien remarc\u00f3: &#8220;No hay tregua, no hay fisuras&#8221; (entre los sindicatos) y se\u00f1al\u00f3 que &#8220;estas 400 mil personas que estamos ac\u00e1 hemos ca\u00eddo en la escuela p\u00fablica porque a ella van los hijos de los trabajadores, de los que no tienen 8 mil pesos para pagar escuelas privadas&#8221;.<\/p>\n<p>&nbsp;<\/p>\n<p>El presidente Mauricio Macri no se encontraba en la Casa de Gobierno al momento de la llegada de los docentes a la Plaza dado que encabez\u00f3 un acto de despedida de la Fragata Libertad y luego despeg\u00f3 hacia Corrientes para un acto con el gobernador Ricardo Colombi.<\/p>\n","protected":false},"excerpt":{"rendered":"<p>Docentes de todo el pa\u00eds se movilizaron hacia la Plaza de Mayo en una multitudinaria convocatoria en donde nuevamente reclamaron la convocatoria a una paritaria nacional &nbsp; &nbsp; &nbsp; &nbsp; &nbsp; En ese marco, Sonia Alesso, secretaria general de la Ctera, convoc\u00f3 a un nuevo paro nacional el 30 de marzo para sumarse a la marcha y la huelga llamada por las dos CTA, que lideran respectivamente Hugo Yasky y Pablo Micheli. &nbsp; Al frente de los manifestantes, marcharon docentes portando carteles individuales pidiendo la apertura de paritarias, junto a&#8230;<\/p>\n","protected":false},"author":3,"featured_media":8897,"comment_status":"closed","ping_status":"closed","sticky":false,"template":"","format":"standard","meta":[],"categories":[9],"tags":[],"_links":{"self":[{"href":"https:\/\/www.actualidadadiario.com\/index.php\/wp-json\/wp\/v2\/posts\/8896"}],"collection":[{"href":"https:\/\/www.actualidadadiario.com\/index.php\/wp-json\/wp\/v2\/posts"}],"about":[{"href":"https:\/\/www.actualidadadiario.com\/index.php\/wp-json\/wp\/v2\/types\/post"}],"author":[{"embeddable":true,"href":"https:\/\/www.actualidadadiario.com\/index.php\/wp-json\/wp\/v2\/users\/3"}],"replies":[{"embeddable":true,"href":"https:\/\/www.actualidadadiario.com\/index.php\/wp-json\/wp\/v2\/comments?post=8896"}],"version-history":[{"count":1,"href":"https:\/\/www.actualidadadiario.com\/index.php\/wp-json\/wp\/v2\/posts\/8896\/revisions"}],"predecessor-version":[{"id":8898,"href":"https:\/\/www.actualidadadiario.com\/index.php\/wp-json\/wp\/v2\/posts\/8896\/revisions\/8898"}],"wp:featuredmedia":[{"embeddable":true,"href":"https:\/\/www.actualidadadiario.com\/index.php\/wp-json\/wp\/v2\/media\/8897"}],"wp:attachment":[{"href":"https:\/\/www.actualidadadiario.com\/index.php\/wp-json\/wp\/v2\/media?parent=8896"}],"wp:term":[{"taxonomy":"category","embeddable":true,"href":"https:\/\/www.actualidadadiario.com\/index.php\/wp-json\/wp\/v2\/categories?post=8896"},{"taxonomy":"post_tag","embeddable":true,"href":"https:\/\/www.actualidadadiario.com\/index.php\/wp-json\/wp\/v2\/tags?post=8896"}],"curies":[{"name":"wp","href":"https:\/\/api.w.org\/{rel}","templated":true}]}}