{"id":8893,"date":"2017-03-23T10:11:07","date_gmt":"2017-03-23T13:11:07","guid":{"rendered":"http:\/\/actualidadadiario.com\/site\/?p=8893"},"modified":"2017-03-23T10:11:07","modified_gmt":"2017-03-23T13:11:07","slug":"macri-a-los-docentes-poniendo-los-problemas-sobre-la-mesa-las-cosas-tienen-solucion","status":"publish","type":"post","link":"https:\/\/www.actualidadadiario.com\/index.php\/2017\/03\/23\/macri-a-los-docentes-poniendo-los-problemas-sobre-la-mesa-las-cosas-tienen-solucion\/","title":{"rendered":"Macri a los docentes: &#8220;Poniendo los problemas sobre la mesa, las cosas tienen soluci\u00f3n&#8221;"},"content":{"rendered":"<p><em><strong>El presidente Mauricio Macri aprovech\u00f3 un acto con los cadetes que se embarcar\u00e1n en la Fragata ARA Libertad para enviar un mensaje a los docentes, que hoy cumplen las 48 horas de paro nacional. &#8220;Poniendo los problemas sobre la mesa, las cosas tienen soluci\u00f3n&#8221;, dijo el mandatario al defender el bautizado &#8220;Plan Maestro&#8221;, con el que busca reformar el sistema educativo argentino<\/strong><\/em><\/p>\n<p>&nbsp;<\/p>\n<p>&nbsp;<\/p>\n<p>&nbsp;<\/p>\n<p>&nbsp;<\/p>\n<p>&nbsp;<\/p>\n<p>Con el buque escuela de fondo, pidi\u00f3 a los estudiantes de marina &#8220;generar la confianza entre nosotros y con el mundo&#8221; y tambi\u00e9n remarc\u00f3 que tras el pago a los fondos buitres &#8220;accedimos a resolver una estafa con los jubilados que llevaba d\u00e9cadas&#8221; con el Plan de Reparaci\u00f3n Hist\u00f3rica. &#8220;Este viaje que emprenden tiene mucho para contarles a los que los reciban&#8221;, desliz\u00f3, mientras a 500 metros, en la Plaza de Mayo, se convocaban miles de maestros para reclamar por la apertura de la paritaria nacional.<\/p>\n<p>&nbsp;<\/p>\n<p>Al referirse al Plan Maestro que lanz\u00f3 en la Quinta de Olivos, tras presentar los datos del Operativo Aprender 2016, Macri dijo: &#8220;Lanzamos una soluci\u00f3n, un trabajo en conjunto, que busca tener una Argentina con igualdad de oportunidades, que los chicos nazcan donde nazcan accedan a las mismas herramientas y posibilidades para que el d\u00eda de ma\u00f1ana accedan a un trabajo de calidad&#8221;.<\/p>\n<p>&nbsp;<\/p>\n<p>Seg\u00fan se\u00f1al\u00f3, en esa iniciativa que llegar\u00e1 al Congreso en las pr\u00f3ximas semanas se fijaron &#8220;metas concretas que buscan centralmente darles herramientas a nuestros queridos maestros para tener \u00e9xito en la tarea de educar para los trabajos del siglo XXI&#8221;.<\/p>\n<p>&nbsp;<\/p>\n<p>&#8220;Esto demuestra que diciendo la verdad, poniendo los problemas sobre la mesa, las cosas tienen soluci\u00f3n. Requiere que nos comprometamos, que trabajemos en equipo, que todos pongamos el hombro como lo venimos haciendo hace 15 meses&#8221;, enfatiz\u00f3 el jefe de Estado, y agreg\u00f3: &#8220;Este es el camino: el camino es creer en nuestras capacidades, que tenemos un ligar en el mundo, que el mundo necesita del aporte de los argentinos, y nosotros nos vamos nutrir del aporte del mundo, buscando oportunidades de progreso para todos&#8221;.<\/p>\n<p>&nbsp;<\/p>\n<p>&#8220;Con esos valores: la verdad, la transparencia y el trabajo en equipo, y creyendo en todo lo que somos capaces de hacer, nos van a representar maravillosamente&#8221;, concluy\u00f3 al dirigirse a los j\u00f3venes marinos.<\/p>\n<p>&nbsp;<\/p>\n<p>&nbsp;<\/p>\n<p>&nbsp;<\/p>\n<p><strong>Recorte<\/strong><\/p>\n<p>Macri encabez\u00f3 as\u00ed la ceremonia para dar la orden de zarpada de la Fragata en su car\u00e1cter de Comandante en jefe de las Fuerzas Armadas. El acto se realiz\u00f3 en el apostadero naval Buenos Aires y cont\u00f3 con la asistencia del ministro de Defensa, Julio Mart\u00ednez; el jefe de la Armada, almirante Marcelo Eduardo Hip\u00f3lito Srur; el capit\u00e1n de nav\u00edo Fernando Maglione, y otras autoridades, as\u00ed como agregados navales extranjeros y familiares de la tripulaci\u00f3n.<\/p>\n<p>&nbsp;<\/p>\n<p>Este a\u00f1o, el Gobierno nacional recort\u00f3 el presupuesto para la Fragata y los jefes de la Armada debieron ajustar el viaje de instrucci\u00f3n N\u00ba 46, con un itinerario de seis meses de duraci\u00f3n y 13 puertos de escala. Seg\u00fan inform\u00f3 este mi\u00e9rcoles \u00c1mbito Financiero, la jefatura de Gabinete a cargo de Marcos Pe\u00f1a dispuso un ajuste en las cuentas fiscales que impact\u00f3 en el presupuesto para la singladura hacia el exterior del nav\u00edo escuela. El viaje se recort\u00f3 un mes respecto del que hizo en 2016: regresar\u00e1 a Buenos Aires el 7 de octubre.<\/p>\n<p>&nbsp;<\/p>\n<p>&nbsp;<\/p>\n<p>&nbsp;<\/p>\n<p><strong>Maestro<\/strong><\/p>\n<p>El objetivo del Plan Maestro es alcanzar las 108 metas educativas en cinco y en diez a\u00f1os, que incluyen la reducci\u00f3n de un 70% el abandono escolar en el secundario, garantizar este a\u00f1o la total cobertura de la sala de tres y lograr que la totalidad de las escuelas est\u00e9 conectadas a Internet. Entre los 108 objetivos educativos a cumplirse, algunos en 2021 y otros en 2026, hay 11 que fueron considerados como los m\u00e1s prioritarios.<\/p>\n<p>&nbsp;<\/p>\n<p>El programa propone como primera meta garantizar la educaci\u00f3n inicial para los ni\u00f1os de tres a\u00f1os de todo el pa\u00eds y que para el 2021 no haya alumnos sin los conocimientos b\u00e1sicos en alg\u00fan nivel o materia. Tambi\u00e9n expone como meta que todas las escuelas tengan jornada extendida en 2026, con seis horas de educaci\u00f3n f\u00edsica.<\/p>\n","protected":false},"excerpt":{"rendered":"<p>El presidente Mauricio Macri aprovech\u00f3 un acto con los cadetes que se embarcar\u00e1n en la Fragata ARA Libertad para enviar un mensaje a los docentes, que hoy cumplen las 48 horas de paro nacional. &#8220;Poniendo los problemas sobre la mesa, las cosas tienen soluci\u00f3n&#8221;, dijo el mandatario al defender el bautizado &#8220;Plan Maestro&#8221;, con el que busca reformar el sistema educativo argentino &nbsp; &nbsp; &nbsp; &nbsp; &nbsp; Con el buque escuela de fondo, pidi\u00f3 a los estudiantes de marina &#8220;generar la confianza entre nosotros y con el mundo&#8221; y tambi\u00e9n&#8230;<\/p>\n","protected":false},"author":3,"featured_media":8894,"comment_status":"closed","ping_status":"closed","sticky":false,"template":"","format":"standard","meta":[],"categories":[18],"tags":[],"_links":{"self":[{"href":"https:\/\/www.actualidadadiario.com\/index.php\/wp-json\/wp\/v2\/posts\/8893"}],"collection":[{"href":"https:\/\/www.actualidadadiario.com\/index.php\/wp-json\/wp\/v2\/posts"}],"about":[{"href":"https:\/\/www.actualidadadiario.com\/index.php\/wp-json\/wp\/v2\/types\/post"}],"author":[{"embeddable":true,"href":"https:\/\/www.actualidadadiario.com\/index.php\/wp-json\/wp\/v2\/users\/3"}],"replies":[{"embeddable":true,"href":"https:\/\/www.actualidadadiario.com\/index.php\/wp-json\/wp\/v2\/comments?post=8893"}],"version-history":[{"count":1,"href":"https:\/\/www.actualidadadiario.com\/index.php\/wp-json\/wp\/v2\/posts\/8893\/revisions"}],"predecessor-version":[{"id":8895,"href":"https:\/\/www.actualidadadiario.com\/index.php\/wp-json\/wp\/v2\/posts\/8893\/revisions\/8895"}],"wp:featuredmedia":[{"embeddable":true,"href":"https:\/\/www.actualidadadiario.com\/index.php\/wp-json\/wp\/v2\/media\/8894"}],"wp:attachment":[{"href":"https:\/\/www.actualidadadiario.com\/index.php\/wp-json\/wp\/v2\/media?parent=8893"}],"wp:term":[{"taxonomy":"category","embeddable":true,"href":"https:\/\/www.actualidadadiario.com\/index.php\/wp-json\/wp\/v2\/categories?post=8893"},{"taxonomy":"post_tag","embeddable":true,"href":"https:\/\/www.actualidadadiario.com\/index.php\/wp-json\/wp\/v2\/tags?post=8893"}],"curies":[{"name":"wp","href":"https:\/\/api.w.org\/{rel}","templated":true}]}}