{"id":8887,"date":"2017-03-23T10:07:10","date_gmt":"2017-03-23T13:07:10","guid":{"rendered":"http:\/\/actualidadadiario.com\/site\/?p=8887"},"modified":"2017-03-23T10:07:10","modified_gmt":"2017-03-23T13:07:10","slug":"macri-respaldo-a-colombi-y-aseguro-que-antes-no-hubo-voluntad-de-combatir-el-narcotrafico","status":"publish","type":"post","link":"https:\/\/www.actualidadadiario.com\/index.php\/2017\/03\/23\/macri-respaldo-a-colombi-y-aseguro-que-antes-no-hubo-voluntad-de-combatir-el-narcotrafico\/","title":{"rendered":"Macri respald\u00f3 a Colombi y asegur\u00f3 que antes no hubo voluntad de combatir el narcotr\u00e1fico"},"content":{"rendered":"<p><em><strong>El presidente Mauricio Macri brind\u00f3 un fuerte respaldo pol\u00edtico al gobernador radical Ricardo Colombi durante un acto realizado este mi\u00e9rcoles del que tambi\u00e9n participaron la primera dama, Juliana Awada, y la ministra de Seguridad, Patricia Bullrich<\/strong><\/em><\/p>\n<p>&nbsp;<\/p>\n<p>&nbsp;<\/p>\n<p>&nbsp;<\/p>\n<p>&nbsp;<\/p>\n<p>El Presidente Mauricio Macri se reuni\u00f3 este mi\u00e9rcoles con el gobernador de Corrientes, Ricardo Colombi, para firmar un acuerdo de seguridad. &#8220;Venimos de una etapa en la que el Estado estuvo ausente&#8221;, argument\u00f3.<\/p>\n<p>&nbsp;<\/p>\n<p>Adem\u00e1s, se refiri\u00f3 al caso de drogas que involucra a dos funcionarios de esa provincia. &#8220;Hace a\u00f1os se sab\u00eda lo que pasaba en Itat\u00ed&#8221;, precis\u00f3 el jefe de Estado en alusi\u00f3n a la detenci\u00f3n del intendente y viceintendente de esa localidad correntina por acusados de integrar una banda de narcotraficantes.<\/p>\n<p>&nbsp;<\/p>\n<p>El mandatario asegur\u00f3 que es &#8220;grave&#8221; el avance del narcotr\u00e1fico, pero destac\u00f3 que &#8220;una muestra de este cambio, que ac\u00e1 no se viene a ser c\u00f3mplice de nadie y que la ley se va a aplicar a todos, es lo que logramos en Itat\u00ed, que despu\u00e9s de a\u00f1os se sab\u00eda lo que pasaba pero esta falta de actitud de enfrentar el narcotr\u00e1fico hacia que la poblaci\u00f3n se encuentre tomada&#8221;.<\/p>\n<p>&nbsp;<\/p>\n<p>En ese sentido, tras firmar un acuerdo de seguridad con la provincia de Corrientes, se\u00f1al\u00f3 que &#8220;por m\u00e1s que falta much\u00edsimo&#8221;, se est\u00e1 produciendo un &#8220;cambio de actitud&#8221; y, al dirigirse a Colombi, se\u00f1al\u00f3: &#8220;Agradezco al gobernador que haya reconocido la nueva situaci\u00f3n\u201d.<\/p>\n<p>&nbsp;<\/p>\n<p>&#8220;Si mi compromiso es ayudar a que los argentinos sean felices, una parte importante es la tranquilidad, que caminar al trabajo, a la escuela no sea una odisea, que podamos volver a caminar sin tener que mirar atr\u00e1s todo el tiempo, tener que estar ocultando el celular&#8221;, cuestion\u00f3 el Presidente en el acto que comparti\u00f3 con la ministra de Seguridad, Patricia Bullrich.<\/p>\n","protected":false},"excerpt":{"rendered":"<p>El presidente Mauricio Macri brind\u00f3 un fuerte respaldo pol\u00edtico al gobernador radical Ricardo Colombi durante un acto realizado este mi\u00e9rcoles del que tambi\u00e9n participaron la primera dama, Juliana Awada, y la ministra de Seguridad, Patricia Bullrich &nbsp; &nbsp; &nbsp; &nbsp; El Presidente Mauricio Macri se reuni\u00f3 este mi\u00e9rcoles con el gobernador de Corrientes, Ricardo Colombi, para firmar un acuerdo de seguridad. &#8220;Venimos de una etapa en la que el Estado estuvo ausente&#8221;, argument\u00f3. &nbsp; Adem\u00e1s, se refiri\u00f3 al caso de drogas que involucra a dos funcionarios de esa provincia. &#8220;Hace&#8230;<\/p>\n","protected":false},"author":3,"featured_media":8888,"comment_status":"closed","ping_status":"closed","sticky":false,"template":"","format":"standard","meta":[],"categories":[2],"tags":[],"_links":{"self":[{"href":"https:\/\/www.actualidadadiario.com\/index.php\/wp-json\/wp\/v2\/posts\/8887"}],"collection":[{"href":"https:\/\/www.actualidadadiario.com\/index.php\/wp-json\/wp\/v2\/posts"}],"about":[{"href":"https:\/\/www.actualidadadiario.com\/index.php\/wp-json\/wp\/v2\/types\/post"}],"author":[{"embeddable":true,"href":"https:\/\/www.actualidadadiario.com\/index.php\/wp-json\/wp\/v2\/users\/3"}],"replies":[{"embeddable":true,"href":"https:\/\/www.actualidadadiario.com\/index.php\/wp-json\/wp\/v2\/comments?post=8887"}],"version-history":[{"count":1,"href":"https:\/\/www.actualidadadiario.com\/index.php\/wp-json\/wp\/v2\/posts\/8887\/revisions"}],"predecessor-version":[{"id":8889,"href":"https:\/\/www.actualidadadiario.com\/index.php\/wp-json\/wp\/v2\/posts\/8887\/revisions\/8889"}],"wp:featuredmedia":[{"embeddable":true,"href":"https:\/\/www.actualidadadiario.com\/index.php\/wp-json\/wp\/v2\/media\/8888"}],"wp:attachment":[{"href":"https:\/\/www.actualidadadiario.com\/index.php\/wp-json\/wp\/v2\/media?parent=8887"}],"wp:term":[{"taxonomy":"category","embeddable":true,"href":"https:\/\/www.actualidadadiario.com\/index.php\/wp-json\/wp\/v2\/categories?post=8887"},{"taxonomy":"post_tag","embeddable":true,"href":"https:\/\/www.actualidadadiario.com\/index.php\/wp-json\/wp\/v2\/tags?post=8887"}],"curies":[{"name":"wp","href":"https:\/\/api.w.org\/{rel}","templated":true}]}}