{"id":8884,"date":"2017-03-23T10:06:21","date_gmt":"2017-03-23T13:06:21","guid":{"rendered":"http:\/\/actualidadadiario.com\/site\/?p=8884"},"modified":"2017-03-23T10:06:21","modified_gmt":"2017-03-23T13:06:21","slug":"segun-fiel-la-industria-se-hundio-un-95-en-febrero","status":"publish","type":"post","link":"https:\/\/www.actualidadadiario.com\/index.php\/2017\/03\/23\/segun-fiel-la-industria-se-hundio-un-95-en-febrero\/","title":{"rendered":"Seg\u00fan FIEL, la industria se hundi\u00f3 un 9,5% en febrero"},"content":{"rendered":"<p><em><strong>El \u00cdndice de Producci\u00f3n Industrial (IPI) de FIEL registr\u00f3 en febrero un retroceso del 9,5% respecto del mismo mes del a\u00f1o anterior, en tanto que en el primer bimestre acumul\u00f3 una ca\u00edda del 3,3% frente a igual lapso de 2016<\/strong><\/em><\/p>\n<p>&nbsp;<\/p>\n<p>&nbsp;<\/p>\n<p>&nbsp;<\/p>\n<p>&nbsp;<\/p>\n<p>&nbsp;<\/p>\n<p>De acuerdo al reporte elaborado por la Fundaci\u00f3n de Investigaciones Econ\u00f3micas de Latinoam\u00e9rica (FIEL), &#8220;los indicadores que permiten anticipar una consolidaci\u00f3n de la recuperaci\u00f3n de la actividad industrial han mostrado un deterioro&#8221;, al tiempo que la difusi\u00f3n sectorial de la recuperaci\u00f3n &#8220;evidenci\u00f3 un retroceso&#8221;.<\/p>\n<p>&nbsp;<\/p>\n<p>En este marco, FIEL subray\u00f3 que el &#8220;at\u00edpico comportamiento&#8221; de la actividad en el primer bimestre de 2016 sugiere &#8220;cautela en la extrapolaci\u00f3n de las mediciones hacia el resto del a\u00f1o&#8221;.<\/p>\n<p>&nbsp;<\/p>\n<p>A nivel de ramas de actividad en el acumulado para los dos primeros meses del a\u00f1o y en la comparaci\u00f3n interanual, los sectores de Papel y Celulosa (-1%) y Minerales no Met\u00e1licos (-1,2%) registran una ca\u00edda inferior al promedio de la industria.<\/p>\n<p>&nbsp;<\/p>\n<p>Los restantes sectores industriales muestran ca\u00eddas de la producci\u00f3n superiores al promedio comenzando con la producci\u00f3n automotriz (3,5%) y siguiendo con Alimentos y Bebidas (3,8%), Insumos Textiles (4,7%), Insumos Qu\u00edmicos y Pl\u00e1sticos (5%), Petr\u00f3leo Procesado (5%) y Cigarrillos (7,7%).<\/p>\n<p>&nbsp;<\/p>\n<p>La producci\u00f3n sider\u00fargica junto con la metalmec\u00e1nica cierra la n\u00f3mina de sectores con retroceso de la actividad, que alcanza en cada caso al 8,7 y 10,3% en el bimestre y en relaci\u00f3n al mismo periodo de 2016.<\/p>\n<p>&nbsp;<\/p>\n<p>Para la entidad de investigaciones econ\u00f3micas, en febrero la producci\u00f3n industrial estuvo parcialmente afectada por lluvias que obstaculizaron el normal desenvolvimiento de la actividad, junto con un d\u00eda h\u00e1bil menos respecto a febrero de 2016.<\/p>\n<p>&nbsp;<\/p>\n<p>As\u00ed, el desempe\u00f1o fabril del segundo mes del a\u00f1o cerr\u00f3 con una ca\u00edda del 9,5% en la medici\u00f3n con estacionalidad respecto a febrero de 2016, en tanto que la comparaci\u00f3n intermensual con enero arroj\u00f3 una retracci\u00f3n del 4,5% tambi\u00e9n con estacionalidad.<\/p>\n<p>&nbsp;<\/p>\n<p>En el acumulado para el primer bimestre del a\u00f1o, y en la comparaci\u00f3n interanual, la actividad industrial acumula un retroceso del 3,3% respecto al mismo per\u00edodo de 2016.<\/p>\n<p>&nbsp;<\/p>\n<p>El reporte de Fiel precis\u00f3 que al tomar en cuenta la clasificaci\u00f3n de la actividad industrial por el tipo de bienes, la producci\u00f3n de Bienes de Consumo contin\u00faa liderando la contracci\u00f3n de la actividad, con una ca\u00edda interanual del bimestre del 13,9%, mientras que la de No Durables lo hace 4,6 por ciento.<\/p>\n<p>&nbsp;<\/p>\n<p>Por su parte, los Bienes de Uso Intermedio registran en el per\u00edodo una ca\u00edda del 0,8%, al tiempo que los Bienes de Capital sostienen el avance de la actividad en el primer bimestre de 2017 al crecer en la comparaci\u00f3n interanual 6,1%.<\/p>\n","protected":false},"excerpt":{"rendered":"<p>El \u00cdndice de Producci\u00f3n Industrial (IPI) de FIEL registr\u00f3 en febrero un retroceso del 9,5% respecto del mismo mes del a\u00f1o anterior, en tanto que en el primer bimestre acumul\u00f3 una ca\u00edda del 3,3% frente a igual lapso de 2016 &nbsp; &nbsp; &nbsp; &nbsp; &nbsp; De acuerdo al reporte elaborado por la Fundaci\u00f3n de Investigaciones Econ\u00f3micas de Latinoam\u00e9rica (FIEL), &#8220;los indicadores que permiten anticipar una consolidaci\u00f3n de la recuperaci\u00f3n de la actividad industrial han mostrado un deterioro&#8221;, al tiempo que la difusi\u00f3n sectorial de la recuperaci\u00f3n &#8220;evidenci\u00f3 un retroceso&#8221;. &nbsp;&#8230;<\/p>\n","protected":false},"author":3,"featured_media":8885,"comment_status":"closed","ping_status":"closed","sticky":false,"template":"","format":"standard","meta":[],"categories":[2],"tags":[],"_links":{"self":[{"href":"https:\/\/www.actualidadadiario.com\/index.php\/wp-json\/wp\/v2\/posts\/8884"}],"collection":[{"href":"https:\/\/www.actualidadadiario.com\/index.php\/wp-json\/wp\/v2\/posts"}],"about":[{"href":"https:\/\/www.actualidadadiario.com\/index.php\/wp-json\/wp\/v2\/types\/post"}],"author":[{"embeddable":true,"href":"https:\/\/www.actualidadadiario.com\/index.php\/wp-json\/wp\/v2\/users\/3"}],"replies":[{"embeddable":true,"href":"https:\/\/www.actualidadadiario.com\/index.php\/wp-json\/wp\/v2\/comments?post=8884"}],"version-history":[{"count":1,"href":"https:\/\/www.actualidadadiario.com\/index.php\/wp-json\/wp\/v2\/posts\/8884\/revisions"}],"predecessor-version":[{"id":8886,"href":"https:\/\/www.actualidadadiario.com\/index.php\/wp-json\/wp\/v2\/posts\/8884\/revisions\/8886"}],"wp:featuredmedia":[{"embeddable":true,"href":"https:\/\/www.actualidadadiario.com\/index.php\/wp-json\/wp\/v2\/media\/8885"}],"wp:attachment":[{"href":"https:\/\/www.actualidadadiario.com\/index.php\/wp-json\/wp\/v2\/media?parent=8884"}],"wp:term":[{"taxonomy":"category","embeddable":true,"href":"https:\/\/www.actualidadadiario.com\/index.php\/wp-json\/wp\/v2\/categories?post=8884"},{"taxonomy":"post_tag","embeddable":true,"href":"https:\/\/www.actualidadadiario.com\/index.php\/wp-json\/wp\/v2\/tags?post=8884"}],"curies":[{"name":"wp","href":"https:\/\/api.w.org\/{rel}","templated":true}]}}