{"id":8878,"date":"2017-03-23T10:04:49","date_gmt":"2017-03-23T13:04:49","guid":{"rendered":"http:\/\/actualidadadiario.com\/site\/?p=8878"},"modified":"2017-03-23T10:04:49","modified_gmt":"2017-03-23T13:04:49","slug":"avance-provincias-y-nacion-acuerdan-plan-para-reducir-el-gasto","status":"publish","type":"post","link":"https:\/\/www.actualidadadiario.com\/index.php\/2017\/03\/23\/avance-provincias-y-nacion-acuerdan-plan-para-reducir-el-gasto\/","title":{"rendered":"Avance: provincias y Naci\u00f3n acuerdan plan para reducir el gasto"},"content":{"rendered":"<p><em><strong>En cumbre en Mendoza consensuaron ejes centrales de proyecto de nueva Ley de Responsabilidad Fiscal. Buscan que gasto primario total no crezca m\u00e1s que inflaci\u00f3n y controlar empleo p\u00fablico<\/strong><\/em><\/p>\n<p>&nbsp;<\/p>\n<p>&nbsp;<\/p>\n<p>&nbsp;<\/p>\n<p>&nbsp;<\/p>\n<p>&nbsp;<\/p>\n<p>El ministro de Hacienda nacional, Nicol\u00e1s Dujovne, y sus pares de Econom\u00eda de 21 provincias sellaron ayer en Mendoza un acuerdo para comenzar a redactar una nueva Ley de Responsabilidad Fiscal, que deber\u00e1 ser avalada por el Congreso y que apunta a aplicar reglas conjuntas de control del gasto para llegar al equilibrio fiscal en 2019 y a &#8220;alivianar la carga tributaria&#8221; de impuestos distorsivos sobre la actividad productiva.<\/p>\n<p>&nbsp;<\/p>\n<p>La avanzada se dio en una reuni\u00f3n del Consejo Federal de Responsabilidad Fiscal, donde el funcionario de Mauricio Macri y los enviados provinciales avalaron un paquete de medidas en pos de &#8220;la Responsabilidad Fiscal y Buenas Pr\u00e1cticas de Gobierno&#8221;, que incluir\u00e1n en el documento que el Ejecutivo enviar\u00e1 al Parlamento.<\/p>\n<p>&nbsp;<\/p>\n<p>En esa l\u00ednea, Naci\u00f3n plante\u00f3 la necesidad de que en todas las jurisdicciones el gasto corriente primario permanezca constante en t\u00e9rminos reales, y que el gasto primario total no crezca m\u00e1s que la inflaci\u00f3n, hasta 2019 inclusive.<\/p>\n<p>&nbsp;<\/p>\n<p>Bajo esa mirada, destaca el documento rubricado ayer, &#8220;las provincias que hayan alcanzado el equilibrio fiscal podr\u00e1n incrementar el gasto corriente asociado a inversiones que impliquen una mayor prestaci\u00f3n de servicios sociales como salud, seguridad y educaci\u00f3n&#8221;.<\/p>\n<p>&nbsp;<\/p>\n<p>Tras el encuentro, Dujovne enfatiz\u00f3 que &#8220;a trav\u00e9s del di\u00e1logo se ha llegado a un acuerdo que para nosotros es muy importante&#8221;, adem\u00e1s de remarcar que &#8220;el hecho de que Naci\u00f3n y las provincias podamos comprometernos a metas fiscales exigentes, pero que a su vez tienen en cuenta las distintas realidades, es fundamental&#8221;. &#8220;Son metas que permiten que el gasto en infraestructura siga aumentando, que siga mejorando la calidad en la provisi\u00f3n de los servicios p\u00fablicos en la Argentina&#8221;, remarc\u00f3.<\/p>\n<p>&nbsp;<\/p>\n<p>En la cumbre adem\u00e1s analizaron corregir impuestos distorsivos y reducir la carga tributaria. Para ello, Naci\u00f3n y las provincias se comprometieron a alivianar la carga tributaria sobre la actividad productiva. &#8220;Se acuerda no incrementar al\u00edcuotas, no crear nuevos hechos imponibles sobre actividades productivas y tender a corregir las distorsiones m\u00e1s significativas hoy existentes, en la medida que no impliquen comprometer la sostenibilidad de las finanzas p\u00fablicas de las provincias y el Gobierno nacional&#8221;, sostiene el documento.<\/p>\n<p>&nbsp;<\/p>\n<p>Tambi\u00e9n avanzaron en que la nueva ley incluya una propuesta para controlar el incremento del empleo p\u00fablico, para que el personal de planta a nivel nacional, provincial o municipal no crezca en proporciones mayores que el crecimiento de su poblaci\u00f3n.<\/p>\n<p>&nbsp;<\/p>\n<p>En paralelo, coincidieron en la necesidad de crear Fondos Antic\u00edclicos Fiscales para contribuir a las metas de equilibrio presupuestario, que se nutrir\u00edan -en cada jurisdicci\u00f3n en condiciones de hacerlo- con excedentes en a\u00f1os en los que la balanza fiscal arroje super\u00e1vit y que deber\u00e1n utilizarse en situaciones excepcionales.<\/p>\n<p>&nbsp;<\/p>\n<p>En esa l\u00ednea, tambi\u00e9n alentaron incorporar pautas de fin de mandato para restringir el incremento del gasto durante los \u00faltimos seis meses de gesti\u00f3n de cada gobierno. La idea es que la administraci\u00f3n saliente no incurra en gastos o disposiciones que impliquen donaci\u00f3n o venta de activos del Estado que deban ser afrontadas por las autoridades entrantes.<\/p>\n<p>&nbsp;<\/p>\n<p>Del encuentro participaron adem\u00e1s el gobernador anfitri\u00f3n, el radical Alfredo Cornejo y, por la cartera de Interior, el secretario de Provincias, Alejandro Caldarelli y el subsecretario de Relaciones con Provincias, Paulino Caballero.<\/p>\n<p>&nbsp;<\/p>\n<p>Tras el encuentro, el ministro de Econom\u00eda bonaerense, Hern\u00e1n Lacunza, destac\u00f3 que se consensuaron &#8220;criterios de variaci\u00f3n de gasto para converger al equilibrio en 2019, reglas de transici\u00f3n de mandato para que el gobierno saliente no designe personal en planta permanente y no asuma gastos que deba afrontar la siguiente administraci\u00f3n, e incentivos para fondos antic\u00edclicos&#8221;.<\/p>\n","protected":false},"excerpt":{"rendered":"<p>En cumbre en Mendoza consensuaron ejes centrales de proyecto de nueva Ley de Responsabilidad Fiscal. Buscan que gasto primario total no crezca m\u00e1s que inflaci\u00f3n y controlar empleo p\u00fablico &nbsp; &nbsp; &nbsp; &nbsp; &nbsp; El ministro de Hacienda nacional, Nicol\u00e1s Dujovne, y sus pares de Econom\u00eda de 21 provincias sellaron ayer en Mendoza un acuerdo para comenzar a redactar una nueva Ley de Responsabilidad Fiscal, que deber\u00e1 ser avalada por el Congreso y que apunta a aplicar reglas conjuntas de control del gasto para llegar al equilibrio fiscal en 2019&#8230;<\/p>\n","protected":false},"author":3,"featured_media":8879,"comment_status":"closed","ping_status":"closed","sticky":false,"template":"","format":"standard","meta":[],"categories":[2],"tags":[],"_links":{"self":[{"href":"https:\/\/www.actualidadadiario.com\/index.php\/wp-json\/wp\/v2\/posts\/8878"}],"collection":[{"href":"https:\/\/www.actualidadadiario.com\/index.php\/wp-json\/wp\/v2\/posts"}],"about":[{"href":"https:\/\/www.actualidadadiario.com\/index.php\/wp-json\/wp\/v2\/types\/post"}],"author":[{"embeddable":true,"href":"https:\/\/www.actualidadadiario.com\/index.php\/wp-json\/wp\/v2\/users\/3"}],"replies":[{"embeddable":true,"href":"https:\/\/www.actualidadadiario.com\/index.php\/wp-json\/wp\/v2\/comments?post=8878"}],"version-history":[{"count":1,"href":"https:\/\/www.actualidadadiario.com\/index.php\/wp-json\/wp\/v2\/posts\/8878\/revisions"}],"predecessor-version":[{"id":8880,"href":"https:\/\/www.actualidadadiario.com\/index.php\/wp-json\/wp\/v2\/posts\/8878\/revisions\/8880"}],"wp:featuredmedia":[{"embeddable":true,"href":"https:\/\/www.actualidadadiario.com\/index.php\/wp-json\/wp\/v2\/media\/8879"}],"wp:attachment":[{"href":"https:\/\/www.actualidadadiario.com\/index.php\/wp-json\/wp\/v2\/media?parent=8878"}],"wp:term":[{"taxonomy":"category","embeddable":true,"href":"https:\/\/www.actualidadadiario.com\/index.php\/wp-json\/wp\/v2\/categories?post=8878"},{"taxonomy":"post_tag","embeddable":true,"href":"https:\/\/www.actualidadadiario.com\/index.php\/wp-json\/wp\/v2\/tags?post=8878"}],"curies":[{"name":"wp","href":"https:\/\/api.w.org\/{rel}","templated":true}]}}