{"id":8872,"date":"2017-03-23T10:03:04","date_gmt":"2017-03-23T13:03:04","guid":{"rendered":"http:\/\/actualidadadiario.com\/site\/?p=8872"},"modified":"2017-03-23T10:03:04","modified_gmt":"2017-03-23T13:03:04","slug":"diputados-mendocinos-aprobaron-el-uso-medicinal-del-aceite-de-cannabis","status":"publish","type":"post","link":"https:\/\/www.actualidadadiario.com\/index.php\/2017\/03\/23\/diputados-mendocinos-aprobaron-el-uso-medicinal-del-aceite-de-cannabis\/","title":{"rendered":"Diputados mendocinos aprobaron el uso medicinal del aceite de cannabis"},"content":{"rendered":"<p><em><strong>La norma, con media sanci\u00f3n, volver\u00e1 al Senado en segunda revisi\u00f3n con la finalidad de ser convertida en ley por la C\u00e1mara Alta<\/strong><\/em><\/p>\n<p>&nbsp;<\/p>\n<p>&nbsp;<\/p>\n<p>&nbsp;<\/p>\n<p>&nbsp;<\/p>\n<p>La C\u00e1mara de Diputados de Mendoza aprob\u00f3 por unanimidad e introdujo modificaciones en un proyecto de ley que ven\u00eda desde el Senado y busca establecer un marco regulatorio para el uso medicinal del cannabis y sus derivados.<\/p>\n<p>&nbsp;<\/p>\n<p>La normativa impulsada por la senadora Patricia Fadel (PJ) tiene por objeto establecer un marco regulatorio en la provincia de Mendoza para la investigaci\u00f3n m\u00e9dica y cient\u00edfica del uso medicinal terap\u00e9utico y\/o paliativo de cannabis y sus derivados, garantizando y promoviendo el cuidado integral de la salud.<\/p>\n<p>&nbsp;<\/p>\n<p>El proyecto le ordena al ministerio de Salud local crear una &#8220;unidad de vigilancia tutelada&#8221; que d\u00e9 asistencia a los pacientes derivados con epilepsia refractaria y dem\u00e1s patolog\u00edas que deber\u00e1 determinar la autoridad de aplicaci\u00f3n.<\/p>\n<p>&nbsp;<\/p>\n<p>Estos pacientes atendidos en dicha unidad podr\u00e1n acceder a la provisi\u00f3n gratuita del aceite, cuya importaci\u00f3n ser\u00e1 facilitada por el Ministerio de Salud de la provincia con la intermediaci\u00f3n de la ANMAT (Administraci\u00f3n Nacional de Medicamentos, Alimentos y Tecnolog\u00eda M\u00e9dica).<\/p>\n<p>&nbsp;<\/p>\n<p>Durante el tratamiento, la legisladora Liliana P\u00e9rez (UCR), titular de la comisi\u00f3n de Salud, indic\u00f3 que este tema ha generado una &#8220;gran expectativa en la gente&#8221;, sobre todo, para quienes tienen familiares que padecen patolog\u00edas neurol\u00f3gicas.<\/p>\n<p>&nbsp;<\/p>\n<p>Adem\u00e1s, la legisladora dijo que se trabaj\u00f3 el proyecto con distintos plenarios de comisi\u00f3n y se lleg\u00f3 al acuerdo de crear &#8220;una unidad de vigilancia tutelada que estar\u00e1 en los hospitales de referencia donde podr\u00e1n incorporarse todos aquellos pacientes que tengan alguna patolog\u00eda que requiera la utilizaci\u00f3n del cannabis&#8221;.<\/p>\n<p>&nbsp;<\/p>\n<p>Para ello &#8211; explic\u00f3 la legisladora- &#8220;habr\u00e1 un diagn\u00f3stico cient\u00edfico y luego se har\u00e1n los controles y vigilancia para ver c\u00f3mo se responde a estos tratamientos&#8221;.<\/p>\n<p>&nbsp;<\/p>\n<p>P\u00e9rez aclar\u00f3 que &#8220;ser\u00e1 de uso gratuito&#8221; y resalt\u00f3 &#8220;la importancia que tendr\u00e1 para los pap\u00e1s&#8221; por el hecho &#8220;de poder estar dentro de un marco legal, que est\u00e9 reglamentado por un Ministerio y no caer en la ilegalidad&#8221;.<\/p>\n<p>&nbsp;<\/p>\n<p>Por su parte, Daniel Rueda (FPV), se\u00f1al\u00f3 que es un &#8220;proyecto superador del original&#8221;, que, entre otros aspectos, &#8220;contempla la gratuidad, es decir, que le llegue a todos a trav\u00e9s de los hospitales y de la red de centros de salud&#8221;.<\/p>\n<p>&nbsp;<\/p>\n<p>&#8220;Adem\u00e1s, estos pacientes van a poder inscribirse en una unidad de vigilancia donde realmente, cient\u00edficamente, se pueda comprobar en el transcurso del tiempo que esta medicaci\u00f3n es efectiva para determinadas patolog\u00edas&#8221;, puntualiz\u00f3.<\/p>\n<p>&nbsp;<\/p>\n<p>En tanto, H\u00e9ctor Fresina (FIT), destac\u00f3 &#8220;el coraje de las madres que vienen luchando por la legalizaci\u00f3n del uso medicinal del cannabis&#8221; y puntualiz\u00f3 que si bien &#8220;el proyecto es un paso adelante, limita la cantidad de patolog\u00edas dejando su incorporaci\u00f3n a criterio de la autoridad de aplicaci\u00f3n&#8221;.<\/p>\n<p>&nbsp;<\/p>\n<p>En id\u00e9ntico sentido se expres\u00f3 Cecilia Soria (FIT), por lo cual adelantaron su voto afirmativo aunque con abstenci\u00f3n en el tercer art\u00edculo de la normativa.<\/p>\n<p>&nbsp;<\/p>\n<p>La normativa encomienda al Ministerio de Salud local, autoridad de aplicaci\u00f3n de la normativa, la implementaci\u00f3n, vigilancia y control de investigaciones m\u00e9dicas y cient\u00edficas, incluidos experimentos cl\u00ednicos con aceite de cannabis y sus derivados de grado farmac\u00e9utico de pureza requerida por la ANMAT.<\/p>\n<p>&nbsp;<\/p>\n<p>La autoridad de aplicaci\u00f3n deber\u00e1 crear una Unidad de Vigilancia Tutelada conformada por profesionales especialistas de los Hospitales Central, Notti y dem\u00e1s efectores p\u00fablicos del interior de la provincia para el uso medicinal de cannabis.<\/p>\n<p>&nbsp;<\/p>\n<p>La normativa invita a las universidades nacionales y privadas de Mendoza, Conicet e INTA, entre otras a colaborar con la investigaci\u00f3n cient\u00edfica del cannabis y sus derivados en la utilizaci\u00f3n medicinal y\/o paliativa.<\/p>\n<p>&nbsp;<\/p>\n<p>En tanto, la Obra Social de Empleados P\u00fablicos de Mendoza (OSEP) deber\u00e1 garantizar el acceso a sus afiliados y se invita a adherir a las dem\u00e1s obras sociales y entidades de medicina prepaga.<\/p>\n","protected":false},"excerpt":{"rendered":"<p>La norma, con media sanci\u00f3n, volver\u00e1 al Senado en segunda revisi\u00f3n con la finalidad de ser convertida en ley por la C\u00e1mara Alta &nbsp; &nbsp; &nbsp; &nbsp; La C\u00e1mara de Diputados de Mendoza aprob\u00f3 por unanimidad e introdujo modificaciones en un proyecto de ley que ven\u00eda desde el Senado y busca establecer un marco regulatorio para el uso medicinal del cannabis y sus derivados. &nbsp; La normativa impulsada por la senadora Patricia Fadel (PJ) tiene por objeto establecer un marco regulatorio en la provincia de Mendoza para la investigaci\u00f3n m\u00e9dica&#8230;<\/p>\n","protected":false},"author":3,"featured_media":8873,"comment_status":"closed","ping_status":"closed","sticky":false,"template":"","format":"standard","meta":[],"categories":[2],"tags":[],"_links":{"self":[{"href":"https:\/\/www.actualidadadiario.com\/index.php\/wp-json\/wp\/v2\/posts\/8872"}],"collection":[{"href":"https:\/\/www.actualidadadiario.com\/index.php\/wp-json\/wp\/v2\/posts"}],"about":[{"href":"https:\/\/www.actualidadadiario.com\/index.php\/wp-json\/wp\/v2\/types\/post"}],"author":[{"embeddable":true,"href":"https:\/\/www.actualidadadiario.com\/index.php\/wp-json\/wp\/v2\/users\/3"}],"replies":[{"embeddable":true,"href":"https:\/\/www.actualidadadiario.com\/index.php\/wp-json\/wp\/v2\/comments?post=8872"}],"version-history":[{"count":1,"href":"https:\/\/www.actualidadadiario.com\/index.php\/wp-json\/wp\/v2\/posts\/8872\/revisions"}],"predecessor-version":[{"id":8874,"href":"https:\/\/www.actualidadadiario.com\/index.php\/wp-json\/wp\/v2\/posts\/8872\/revisions\/8874"}],"wp:featuredmedia":[{"embeddable":true,"href":"https:\/\/www.actualidadadiario.com\/index.php\/wp-json\/wp\/v2\/media\/8873"}],"wp:attachment":[{"href":"https:\/\/www.actualidadadiario.com\/index.php\/wp-json\/wp\/v2\/media?parent=8872"}],"wp:term":[{"taxonomy":"category","embeddable":true,"href":"https:\/\/www.actualidadadiario.com\/index.php\/wp-json\/wp\/v2\/categories?post=8872"},{"taxonomy":"post_tag","embeddable":true,"href":"https:\/\/www.actualidadadiario.com\/index.php\/wp-json\/wp\/v2\/tags?post=8872"}],"curies":[{"name":"wp","href":"https:\/\/api.w.org\/{rel}","templated":true}]}}