{"id":887,"date":"2016-09-12T09:44:40","date_gmt":"2016-09-12T12:44:40","guid":{"rendered":"http:\/\/actualidadadiario.com\/site\/?p=887"},"modified":"2016-09-12T09:44:40","modified_gmt":"2016-09-12T12:44:40","slug":"el-papa-invito-al-juez-rafecas-al-vaticano","status":"publish","type":"post","link":"https:\/\/www.actualidadadiario.com\/index.php\/2016\/09\/12\/el-papa-invito-al-juez-rafecas-al-vaticano\/","title":{"rendered":"El Papa invit\u00f3 al juez Rafecas al Vaticano"},"content":{"rendered":"<h3><strong><em>Mientras un sector del macrismo pretende removerlo de su cargo, Francisco lo convoc\u00f3 a un coloquio sobre narcotr\u00e1fico. La invitaci\u00f3n lleg\u00f3 oficialmente ayer<\/em><\/strong><\/h3>\n<p>&nbsp;<\/p>\n<p>&nbsp;<\/p>\n<p>El juez federal Daniel Rafecas recibi\u00f3 el respaldo del papa Francisco, por medio de un acercamiento que ven\u00eda gest\u00e1ndose desde hace un mes y se consagr\u00f3 en las \u00faltimas horas con una invitaci\u00f3n oficial para viajar al Vaticano.<\/p>\n<p>La decisi\u00f3n del papa Francisco, que lleg\u00f3 en una carta firmada por su canciller, Marcelo S\u00e1nchez Sorondo, volvi\u00f3 a dar una muestra de apoyo a un magistrado cuestionado por el macrismo y algunos sectores del poder y los medios de comunicaci\u00f3n.<\/p>\n<p>Rafecas fue invitado a un coloquio sobre narcotr\u00e1fico y crimen organizado que se llevar\u00e1 a cabo en la Pontificia Academia de las Ciencias, en Roma, que dirige el canciller Sorondo, y que contar\u00e1 con la participaci\u00f3n del Papa, jueces, fiscales y especialistas de todo el mundo.<\/p>\n<p>&nbsp;<\/p>\n<p>El encuentro tendr\u00e1 lugar 23 y 24 de noviembre, seg\u00fan public\u00f3 PERFIL. No se descarta una audiencia privada.<\/p>\n<p>&nbsp;<\/p>\n<p>La pata local del encuentro es organizada por el legislador porte\u00f1o Gustavo Vera, de la ONG La Alameda, que estuvo reunido con Francisco esta semana.<\/p>\n<p>&nbsp;<\/p>\n<p>Rafecas calific\u00f3 como \u201cpresi\u00f3n brutal\u201d la solicitada que pidi\u00f3 su destituci\u00f3n. El pedido de destituci\u00f3n fue firmado por un colectivo de m\u00e1s de 340 personas de la colectividad jud\u00eda, los medios, el radicalismo y juristas como respuesta a la decisi\u00f3n de Rafecas de mantener archivada la denuncia del fallecido Alberto Nisman contra Cristina de Kirchner.<\/p>\n","protected":false},"excerpt":{"rendered":"<p>Mientras un sector del macrismo pretende removerlo de su cargo, Francisco lo convoc\u00f3 a un coloquio sobre narcotr\u00e1fico. La invitaci\u00f3n lleg\u00f3 oficialmente ayer &nbsp; &nbsp; El juez federal Daniel Rafecas recibi\u00f3 el respaldo del papa Francisco, por medio de un acercamiento que ven\u00eda gest\u00e1ndose desde hace un mes y se consagr\u00f3 en las \u00faltimas horas con una invitaci\u00f3n oficial para viajar al Vaticano. La decisi\u00f3n del papa Francisco, que lleg\u00f3 en una carta firmada por su canciller, Marcelo S\u00e1nchez Sorondo, volvi\u00f3 a dar una muestra de apoyo a un magistrado&#8230;<\/p>\n","protected":false},"author":3,"featured_media":888,"comment_status":"closed","ping_status":"closed","sticky":false,"template":"","format":"standard","meta":[],"categories":[18],"tags":[],"_links":{"self":[{"href":"https:\/\/www.actualidadadiario.com\/index.php\/wp-json\/wp\/v2\/posts\/887"}],"collection":[{"href":"https:\/\/www.actualidadadiario.com\/index.php\/wp-json\/wp\/v2\/posts"}],"about":[{"href":"https:\/\/www.actualidadadiario.com\/index.php\/wp-json\/wp\/v2\/types\/post"}],"author":[{"embeddable":true,"href":"https:\/\/www.actualidadadiario.com\/index.php\/wp-json\/wp\/v2\/users\/3"}],"replies":[{"embeddable":true,"href":"https:\/\/www.actualidadadiario.com\/index.php\/wp-json\/wp\/v2\/comments?post=887"}],"version-history":[{"count":1,"href":"https:\/\/www.actualidadadiario.com\/index.php\/wp-json\/wp\/v2\/posts\/887\/revisions"}],"predecessor-version":[{"id":889,"href":"https:\/\/www.actualidadadiario.com\/index.php\/wp-json\/wp\/v2\/posts\/887\/revisions\/889"}],"wp:featuredmedia":[{"embeddable":true,"href":"https:\/\/www.actualidadadiario.com\/index.php\/wp-json\/wp\/v2\/media\/888"}],"wp:attachment":[{"href":"https:\/\/www.actualidadadiario.com\/index.php\/wp-json\/wp\/v2\/media?parent=887"}],"wp:term":[{"taxonomy":"category","embeddable":true,"href":"https:\/\/www.actualidadadiario.com\/index.php\/wp-json\/wp\/v2\/categories?post=887"},{"taxonomy":"post_tag","embeddable":true,"href":"https:\/\/www.actualidadadiario.com\/index.php\/wp-json\/wp\/v2\/tags?post=887"}],"curies":[{"name":"wp","href":"https:\/\/api.w.org\/{rel}","templated":true}]}}