{"id":8869,"date":"2017-03-23T10:02:12","date_gmt":"2017-03-23T13:02:12","guid":{"rendered":"http:\/\/actualidadadiario.com\/site\/?p=8869"},"modified":"2017-03-23T10:02:12","modified_gmt":"2017-03-23T13:02:12","slug":"la-provincia-analiza-una-propuesta-integral-para-presentar-a-gremios-estatales","status":"publish","type":"post","link":"https:\/\/www.actualidadadiario.com\/index.php\/2017\/03\/23\/la-provincia-analiza-una-propuesta-integral-para-presentar-a-gremios-estatales\/","title":{"rendered":"La Provincia analiza una &#8220;propuesta integral&#8221; para presentar a gremios estatales"},"content":{"rendered":"<p><em><strong>Autoridades provinciales solicitaron a la Secretar\u00eda de Trabajo suspender la reuni\u00f3n paritaria que estaba prevista para este mi\u00e9rcoles, ya que analizan una &#8220;propuesta integral&#8221; para presentar a los gremios<\/strong><\/em><\/p>\n<p>&nbsp;<\/p>\n<p>&nbsp;<\/p>\n<p>&nbsp;<\/p>\n<p>El secretario de Hacienda de la provincia, Antonio Gustavo Labriola, explic\u00f3 que &#8220;el gobierno ha solicitado una suspensi\u00f3n de la reuni\u00f3n de paritarias prevista para hoy atento a que est\u00e1 analizando una propuesta integral para realizar a los gremios ATE y UPCN que forman parte de la mesa paritaria&#8221;.<\/p>\n<p>&nbsp;<\/p>\n<p>En ese sentido, la semana pr\u00f3xima se va a determinar la fecha de la pr\u00f3xima reuni\u00f3n paritaria.<\/p>\n","protected":false},"excerpt":{"rendered":"<p>Autoridades provinciales solicitaron a la Secretar\u00eda de Trabajo suspender la reuni\u00f3n paritaria que estaba prevista para este mi\u00e9rcoles, ya que analizan una &#8220;propuesta integral&#8221; para presentar a los gremios &nbsp; &nbsp; &nbsp; El secretario de Hacienda de la provincia, Antonio Gustavo Labriola, explic\u00f3 que &#8220;el gobierno ha solicitado una suspensi\u00f3n de la reuni\u00f3n de paritarias prevista para hoy atento a que est\u00e1 analizando una propuesta integral para realizar a los gremios ATE y UPCN que forman parte de la mesa paritaria&#8221;. &nbsp; En ese sentido, la semana pr\u00f3xima se va&#8230;<\/p>\n","protected":false},"author":3,"featured_media":8870,"comment_status":"closed","ping_status":"closed","sticky":false,"template":"","format":"standard","meta":[],"categories":[15],"tags":[],"_links":{"self":[{"href":"https:\/\/www.actualidadadiario.com\/index.php\/wp-json\/wp\/v2\/posts\/8869"}],"collection":[{"href":"https:\/\/www.actualidadadiario.com\/index.php\/wp-json\/wp\/v2\/posts"}],"about":[{"href":"https:\/\/www.actualidadadiario.com\/index.php\/wp-json\/wp\/v2\/types\/post"}],"author":[{"embeddable":true,"href":"https:\/\/www.actualidadadiario.com\/index.php\/wp-json\/wp\/v2\/users\/3"}],"replies":[{"embeddable":true,"href":"https:\/\/www.actualidadadiario.com\/index.php\/wp-json\/wp\/v2\/comments?post=8869"}],"version-history":[{"count":1,"href":"https:\/\/www.actualidadadiario.com\/index.php\/wp-json\/wp\/v2\/posts\/8869\/revisions"}],"predecessor-version":[{"id":8871,"href":"https:\/\/www.actualidadadiario.com\/index.php\/wp-json\/wp\/v2\/posts\/8869\/revisions\/8871"}],"wp:featuredmedia":[{"embeddable":true,"href":"https:\/\/www.actualidadadiario.com\/index.php\/wp-json\/wp\/v2\/media\/8870"}],"wp:attachment":[{"href":"https:\/\/www.actualidadadiario.com\/index.php\/wp-json\/wp\/v2\/media?parent=8869"}],"wp:term":[{"taxonomy":"category","embeddable":true,"href":"https:\/\/www.actualidadadiario.com\/index.php\/wp-json\/wp\/v2\/categories?post=8869"},{"taxonomy":"post_tag","embeddable":true,"href":"https:\/\/www.actualidadadiario.com\/index.php\/wp-json\/wp\/v2\/tags?post=8869"}],"curies":[{"name":"wp","href":"https:\/\/api.w.org\/{rel}","templated":true}]}}